{"id":14114,"date":"2025-01-31T15:50:48","date_gmt":"2025-01-31T12:50:48","guid":{"rendered":"https:\/\/www.egemtv.com\/?p=14114"},"modified":"2025-01-31T15:50:53","modified_gmt":"2025-01-31T12:50:53","slug":"turgutlunun-caddeleri-daha-guzel-bir-gorunume-kavusuyor","status":"publish","type":"post","link":"https:\/\/www.egemtv.com\/?p=14114","title":{"rendered":"Turgutlu\u2019nun caddeleri daha g\u00fczel bir g\u00f6r\u00fcn\u00fcme kavu\u015fuyor"},"content":{"rendered":"<p>Turgutlu Belediyesi, kent genelinde modern bir \u015fehir yap\u0131s\u0131 olu\u015fturmak ad\u0131na \u00e7al\u0131\u015fmalar\u0131n\u0131 aral\u0131ks\u0131z s\u00fcrd\u00fcr\u00fcyor. Bu kapsamda Fen \u0130\u015fleri M\u00fcd\u00fcrl\u00fc\u011f\u00fc ekipleri taraf\u0131ndan Ergenekon Mahallesi Fatih Caddesi ve Eski Manisa Yolu\u2019nda ayd\u0131nlatma dire\u011fi montaj \u00e7al\u0131\u015fmalar\u0131 ger\u00e7ekle\u015ftiriliyor.<br \/>\n<br \/>Turgutlu Belediyesi Fen \u0130\u015fleri M\u00fcd\u00fcrl\u00fc\u011f\u00fc ekipleri, kenti daha modern ve g\u00fczel hale getirmek i\u00e7in \u00e7al\u0131\u015fmalar\u0131na devam ediyor. Bu \u00e7al\u0131\u015fmalar kapsam\u0131nda Fen \u0130\u015fleri M\u00fcd\u00fcrl\u00fc\u011f\u00fc ekipleri, ge\u00e7en d\u00f6nem Manisa B\u00fcy\u00fck\u015fehir Belediyesinden Turgutlu Belediyesi sorumlulu\u011funa ge\u00e7en Ergenekon Mahallesi Fatih Caddesi\u2019nde ve Eski Manisa Yolu\u2019nda ayd\u0131nlatma dire\u011fi montaj\u0131 \u00e7al\u0131\u015fmalar\u0131n\u0131 s\u00fcrd\u00fcr\u00fcyor. Yenilenen ayd\u0131nlatma direkleri sayesinde caddeler, daha estetik bir g\u00f6r\u00fcn\u00fcme kavu\u015fuyor.<br \/>\n<br \/>Konuyla ilgili a\u00e7\u0131klama yapan Turgutlu Belediye Ba\u015fkan Yard\u0131mc\u0131s\u0131 Ali R\u0131za K\u0131ran \u015fu ifadeleri kulland\u0131: &#8220;Kentimizin her noktas\u0131nda vatanda\u015flar\u0131m\u0131z\u0131n ya\u015fam kalitesini art\u0131rmak i\u00e7in \u00e7al\u0131\u015fmalar\u0131m\u0131za devam ediyoruz. Ergenekon Mahallesi Fatih Caddesi ve Eski Manisa Yolu\u2019nda s\u00fcrd\u00fcrd\u00fc\u011f\u00fcm\u00fcz montaj \u00e7al\u0131\u015fmalar\u0131yla birlikte bu b\u00f6lgeler hem daha ayd\u0131nl\u0131k hem de daha modern bir g\u00f6r\u00fcn\u00fcme kavu\u015facak. T\u00fcm mesai arkada\u015flar\u0131ma te\u015fekk\u00fcr eder, kolayl\u0131klar dilerim.\u201d<br \/><\/p>\n","protected":false},"excerpt":{"rendered":"<p>Turgutlu Belediyesi, kent genelinde modern bir \u015fehir yap\u0131s\u0131 olu\u015fturmak ad\u0131na \u00e7al\u0131\u015fmalar\u0131n\u0131 aral\u0131ks\u0131z s\u00fcrd\u00fcr\u00fcyor. Bu kapsamda Fen \u0130\u015fleri M\u00fcd\u00fcrl\u00fc\u011f\u00fc ekipleri taraf\u0131ndan Ergenekon Mahallesi Fatih Caddesi ve Eski Manisa Yolu\u2019nda ayd\u0131nlatma dire\u011fi montaj \u00e7al\u0131\u015fmalar\u0131 ger\u00e7ekle\u015ftiriliyor. Turgutlu Belediyesi Fen \u0130\u015fleri M\u00fcd\u00fcrl\u00fc\u011f\u00fc ekipleri, kenti daha modern ve g\u00fczel hale getirmek i\u00e7in \u00e7al\u0131\u015fmalar\u0131na devam ediyor. Bu \u00e7al\u0131\u015fmalar kapsam\u0131nda Fen \u0130\u015fleri&#8230;<\/p>\n","protected":false},"author":1,"featured_media":14115,"comment_status":"open","ping_status":"open","sticky":false,"template":"","format":"standard","meta":{"_crdt_document":"","footnotes":""},"categories":[1],"tags":[],"class_list":["post-14114","post","type-post","status-publish","format-standard","has-post-thumbnail","hentry","category-guncel"],"_links":{"self":[{"href":"https:\/\/www.egemtv.com\/index.php?rest_route=\/wp\/v2\/posts\/14114","targetHints":{"allow":["GET"]}}],"collection":[{"href":"https:\/\/www.egemtv.com\/index.php?rest_route=\/wp\/v2\/posts"}],"about":[{"href":"https:\/\/www.egemtv.com\/index.php?rest_route=\/wp\/v2\/types\/post"}],"author":[{"embeddable":true,"href":"https:\/\/www.egemtv.com\/index.php?rest_route=\/wp\/v2\/users\/1"}],"replies":[{"embeddable":true,"href":"https:\/\/www.egemtv.com\/index.php?rest_route=%2Fwp%2Fv2%2Fcomments&post=14114"}],"version-history":[{"count":1,"href":"https:\/\/www.egemtv.com\/index.php?rest_route=\/wp\/v2\/posts\/14114\/revisions"}],"predecessor-version":[{"id":14116,"href":"https:\/\/www.egemtv.com\/index.php?rest_route=\/wp\/v2\/posts\/14114\/revisions\/14116"}],"wp:featuredmedia":[{"embeddable":true,"href":"https:\/\/www.egemtv.com\/index.php?rest_route=\/wp\/v2\/media\/14115"}],"wp:attachment":[{"href":"https:\/\/www.egemtv.com\/index.php?rest_route=%2Fwp%2Fv2%2Fmedia&parent=14114"}],"wp:term":[{"taxonomy":"category","embeddable":true,"href":"https:\/\/www.egemtv.com\/index.php?rest_route=%2Fwp%2Fv2%2Fcategories&post=14114"},{"taxonomy":"post_tag","embeddable":true,"href":"https:\/\/www.egemtv.com\/index.php?rest_route=%2Fwp%2Fv2%2Ftags&post=14114"}],"curies":[{"name":"wp","href":"https:\/\/api.w.org\/{rel}","templated":true}]}}