{"id":14102,"date":"2025-01-31T15:30:43","date_gmt":"2025-01-31T12:30:43","guid":{"rendered":"https:\/\/www.egemtv.com\/?p=14102"},"modified":"2025-01-31T15:30:48","modified_gmt":"2025-01-31T12:30:48","slug":"baskan-balaban-calismalari-yerinde-inceledi","status":"publish","type":"post","link":"https:\/\/www.egemtv.com\/?p=14102","title":{"rendered":"Ba\u015fkan Balaban \u00e7al\u0131\u015fmalar\u0131 yerinde inceledi"},"content":{"rendered":"<p>E\u011fitimci olmas\u0131 sebebiyle \u00e7ocuk ve gen\u00e7lere b\u00fcy\u00fck \u00f6nem veren Yunusemre Belediye Ba\u015fkan\u0131 Semih Balaban, il\u00e7eye 3 yeni \u00e7ocuk k\u00fclt\u00fcr merkezi kazand\u0131racaklar\u0131n\u0131n m\u00fcjdesini verdi. Merkezlerin yap\u0131laca\u011f\u0131 alanlarda incelemede bulunan Ba\u015fkan Balaban, haziran ay\u0131 sonuna kadar merkezleri faaliyete ge\u00e7irmeyi planlad\u0131klar\u0131n\u0131 s\u00f6yledi.<br \/>\n<br \/>Her f\u0131rsatta e\u011fitime verdi\u011fi \u00f6nemi dile getiren Yunusemre Belediye Ba\u015fkan\u0131 Semih Balaban, il\u00e7eye 3 yeni \u00e7ocuk k\u00fclt\u00fcr merkezi kazand\u0131racaklar\u0131n\u0131 duyurdu. Merkezlerin yap\u0131laca\u011f\u0131 alanlarda incelemede bulunan Ba\u015fkan Balaban, b\u00f6lgede y\u00fcr\u00fct\u00fclen \u00e7al\u0131\u015fmalara ili\u015fkin de bilgi ald\u0131, vatanda\u015flarla sohbet etti.  Belediye Ba\u015fkan\u0131 Balaban, Uncubozk\u00f6y, 75. Y\u0131l ve Horozk\u00f6y Semtinde faaliyete ge\u00e7irilmesi planlanan \u00e7ocuk k\u00fclt\u00fcr merkezlerinde \u00e7al\u0131\u015fmalar\u0131n k\u0131sa s\u00fcre i\u00e7erisinde ba\u015flayaca\u011f\u0131n\u0131 ifade etti.<\/p>\n<p>Haziran ay\u0131 sonuna kadar tamamlanacak<br \/>\n<br \/>Ba\u015fkan Semih Balaban konuya ili\u015fkin yapt\u0131\u011f\u0131 a\u00e7\u0131klamada, \u201c30 Haziran 2025 tarihine kadar Yunusemre\u2019de ya\u015fayan \u00e7ocuklar\u0131m\u0131z i\u00e7in 3 yeni \u00e7ocuk k\u00fclt\u00fcr merkezini faaliyete ge\u00e7iriyoruz. 75. Y\u0131l Mahallemizde a\u00e7aca\u011f\u0131m\u0131z merkezimizden Laleli\u2019de ya\u015fayan vatanda\u015flar\u0131m\u0131z da yararlanacak. Atat\u00fcrk Mahallemizde bulunan \u00e7ocuk k\u00fclt\u00fcr merkezinden Horozk\u00f6y semtimizde bulunan vatanda\u015flar\u0131m\u0131z da faydalanacak. Ayr\u0131ca Uncubozk\u00f6y Mahallemizde de merkezimizi a\u00e7aca\u011f\u0131z. Ne kadar \u00e7ok kre\u015f, \u00e7ocuklar\u0131m\u0131z\u0131n o kadar iyi bir e\u011fitim almas\u0131, annelerimizin de hem kendilerine hem de \u00e7ocuklar\u0131na daha faydal\u0131 ve verimli vakit ay\u0131rmas\u0131 demek. Daha \u00f6nce de s\u00f6yledi\u011fimiz gibi \u00f6nceki d\u00f6nem yakla\u015f\u0131k 10 senede 4 \u00e7ocuk k\u00fclt\u00fcr merkezi a\u00e7\u0131lm\u0131\u015fken, biz bir y\u0131l i\u00e7erisinde 3 \u00e7ocuk k\u00fclt\u00fcr merkezini faaliyete ge\u00e7irece\u011fiz. Plan ve program\u0131m\u0131za g\u00f6re il\u00e7emizdeki \u00e7ocuk k\u00fclt\u00fcr merkezlerimizin say\u0131s\u0131n\u0131 daha da artt\u0131rarak hem ailelerimize, hem de \u00e7ocuklar\u0131m\u0131z\u0131n e\u011fitimlerine destek sa\u011flam\u0131\u015f olaca\u011f\u0131z.\u201d diye konu\u015ftu.<br \/><\/p>\n","protected":false},"excerpt":{"rendered":"<p>E\u011fitimci olmas\u0131 sebebiyle \u00e7ocuk ve gen\u00e7lere b\u00fcy\u00fck \u00f6nem veren Yunusemre Belediye Ba\u015fkan\u0131 Semih Balaban, il\u00e7eye 3 yeni \u00e7ocuk k\u00fclt\u00fcr merkezi kazand\u0131racaklar\u0131n\u0131n m\u00fcjdesini verdi. Merkezlerin yap\u0131laca\u011f\u0131 alanlarda incelemede bulunan Ba\u015fkan Balaban, haziran ay\u0131 sonuna kadar merkezleri faaliyete ge\u00e7irmeyi planlad\u0131klar\u0131n\u0131 s\u00f6yledi. Her f\u0131rsatta e\u011fitime verdi\u011fi \u00f6nemi dile getiren Yunusemre Belediye Ba\u015fkan\u0131 Semih Balaban, il\u00e7eye 3 yeni \u00e7ocuk&#8230;<\/p>\n","protected":false},"author":1,"featured_media":14103,"comment_status":"open","ping_status":"open","sticky":false,"template":"","format":"standard","meta":{"_crdt_document":"","footnotes":""},"categories":[127],"tags":[],"class_list":["post-14102","post","type-post","status-publish","format-standard","has-post-thumbnail","hentry","category-siyaset"],"_links":{"self":[{"href":"https:\/\/www.egemtv.com\/index.php?rest_route=\/wp\/v2\/posts\/14102","targetHints":{"allow":["GET"]}}],"collection":[{"href":"https:\/\/www.egemtv.com\/index.php?rest_route=\/wp\/v2\/posts"}],"about":[{"href":"https:\/\/www.egemtv.com\/index.php?rest_route=\/wp\/v2\/types\/post"}],"author":[{"embeddable":true,"href":"https:\/\/www.egemtv.com\/index.php?rest_route=\/wp\/v2\/users\/1"}],"replies":[{"embeddable":true,"href":"https:\/\/www.egemtv.com\/index.php?rest_route=%2Fwp%2Fv2%2Fcomments&post=14102"}],"version-history":[{"count":1,"href":"https:\/\/www.egemtv.com\/index.php?rest_route=\/wp\/v2\/posts\/14102\/revisions"}],"predecessor-version":[{"id":14104,"href":"https:\/\/www.egemtv.com\/index.php?rest_route=\/wp\/v2\/posts\/14102\/revisions\/14104"}],"wp:featuredmedia":[{"embeddable":true,"href":"https:\/\/www.egemtv.com\/index.php?rest_route=\/wp\/v2\/media\/14103"}],"wp:attachment":[{"href":"https:\/\/www.egemtv.com\/index.php?rest_route=%2Fwp%2Fv2%2Fmedia&parent=14102"}],"wp:term":[{"taxonomy":"category","embeddable":true,"href":"https:\/\/www.egemtv.com\/index.php?rest_route=%2Fwp%2Fv2%2Fcategories&post=14102"},{"taxonomy":"post_tag","embeddable":true,"href":"https:\/\/www.egemtv.com\/index.php?rest_route=%2Fwp%2Fv2%2Ftags&post=14102"}],"curies":[{"name":"wp","href":"https:\/\/api.w.org\/{rel}","templated":true}]}}