{"id":14099,"date":"2025-01-31T15:30:37","date_gmt":"2025-01-31T12:30:37","guid":{"rendered":"https:\/\/www.egemtv.com\/?p=14099"},"modified":"2025-01-31T15:30:42","modified_gmt":"2025-01-31T12:30:42","slug":"viraji-alamayinca-park-halindeki-tankere-carpan-surucu-hayatini-kaybetti","status":"publish","type":"post","link":"https:\/\/www.egemtv.com\/?p=14099","title":{"rendered":"Viraj\u0131 alamay\u0131nca park halindeki tankere \u00e7arpan s\u00fcr\u00fcc\u00fc hayat\u0131n\u0131 kaybetti"},"content":{"rendered":"<p>Denizli\u2019nin G\u00fcney il\u00e7esinde gece saatlerinde seyir halindeki otomobil viraj\u0131 alamayarak park halindeki tankere \u00e7arpma sonucu hurdaya d\u00f6nd\u00fc. \u00c7arpman\u0131n etkisiyle s\u00fcr\u00fcc\u00fc olay yerinde hayat\u0131n\u0131 kaybetti.<\/p>\n<p>Kaza, G\u00fcney il\u00e7esi Ya\u011fc\u0131lar Mahallesi\u2019nde meydana geldi. Edinilen bilgilere g\u00f6re, gece saatlerinde Uysal Batmaz (62) idaresindeki 64 ED 106 plakal\u0131 Tofa\u015f marka otomobil ile viraj\u0131 al\u0131rken park halindeki tankere \u00e7arpt\u0131. Kazay\u0131 g\u00f6ren \u00e7evredeki vatanda\u015flar\u0131n ihbar\u0131 \u00fczerine olay yerine sa\u011fl\u0131k, itfaiye ve polis ekipleri sevk edildi. B\u00f6lgeye gelen itfaiye ekipleri kaza sonucu ara\u00e7ta s\u0131k\u0131\u015fan s\u00fcr\u00fcc\u00fcy\u00fc kurtar\u0131p sa\u011fl\u0131k ekiplerine teslim etti. Sa\u011fl\u0131k ekiplerinin kontrollerinin ard\u0131ndan s\u00fcr\u00fcc\u00fcn\u00fcn olay yerinde hayat\u0131n\u0131 kaybetti\u011fini belirledi. Olay yeri incelemenin ard\u0131ndan Batmaz\u2019\u0131n cans\u0131z bedeni otopsi yap\u0131lmak \u00fczerine Adli T\u0131p Morguna kald\u0131r\u0131ld\u0131.<\/p>\n<p>Kazada hayat\u0131n\u0131 kaybeden Uysal Batmaz\u2019\u0131n cenazesi G\u00fcney il\u00e7esi Parmaks\u0131z Mahallesi\u2019nde defnedilece\u011fi \u00f6\u011frenildi.<br \/><\/p>\n","protected":false},"excerpt":{"rendered":"<p>Denizli\u2019nin G\u00fcney il\u00e7esinde gece saatlerinde seyir halindeki otomobil viraj\u0131 alamayarak park halindeki tankere \u00e7arpma sonucu hurdaya d\u00f6nd\u00fc. \u00c7arpman\u0131n etkisiyle s\u00fcr\u00fcc\u00fc olay yerinde hayat\u0131n\u0131 kaybetti. Kaza, G\u00fcney il\u00e7esi Ya\u011fc\u0131lar Mahallesi\u2019nde meydana geldi. Edinilen bilgilere g\u00f6re, gece saatlerinde Uysal Batmaz (62) idaresindeki 64 ED 106 plakal\u0131 Tofa\u015f marka otomobil ile viraj\u0131 al\u0131rken park halindeki tankere \u00e7arpt\u0131. Kazay\u0131&#8230;<\/p>\n","protected":false},"author":1,"featured_media":14100,"comment_status":"open","ping_status":"open","sticky":false,"template":"","format":"standard","meta":{"_crdt_document":"","footnotes":""},"categories":[5],"tags":[],"class_list":["post-14099","post","type-post","status-publish","format-standard","has-post-thumbnail","hentry","category-asayis"],"_links":{"self":[{"href":"https:\/\/www.egemtv.com\/index.php?rest_route=\/wp\/v2\/posts\/14099","targetHints":{"allow":["GET"]}}],"collection":[{"href":"https:\/\/www.egemtv.com\/index.php?rest_route=\/wp\/v2\/posts"}],"about":[{"href":"https:\/\/www.egemtv.com\/index.php?rest_route=\/wp\/v2\/types\/post"}],"author":[{"embeddable":true,"href":"https:\/\/www.egemtv.com\/index.php?rest_route=\/wp\/v2\/users\/1"}],"replies":[{"embeddable":true,"href":"https:\/\/www.egemtv.com\/index.php?rest_route=%2Fwp%2Fv2%2Fcomments&post=14099"}],"version-history":[{"count":1,"href":"https:\/\/www.egemtv.com\/index.php?rest_route=\/wp\/v2\/posts\/14099\/revisions"}],"predecessor-version":[{"id":14101,"href":"https:\/\/www.egemtv.com\/index.php?rest_route=\/wp\/v2\/posts\/14099\/revisions\/14101"}],"wp:featuredmedia":[{"embeddable":true,"href":"https:\/\/www.egemtv.com\/index.php?rest_route=\/wp\/v2\/media\/14100"}],"wp:attachment":[{"href":"https:\/\/www.egemtv.com\/index.php?rest_route=%2Fwp%2Fv2%2Fmedia&parent=14099"}],"wp:term":[{"taxonomy":"category","embeddable":true,"href":"https:\/\/www.egemtv.com\/index.php?rest_route=%2Fwp%2Fv2%2Fcategories&post=14099"},{"taxonomy":"post_tag","embeddable":true,"href":"https:\/\/www.egemtv.com\/index.php?rest_route=%2Fwp%2Fv2%2Ftags&post=14099"}],"curies":[{"name":"wp","href":"https:\/\/api.w.org\/{rel}","templated":true}]}}