{"id":14093,"date":"2025-01-31T15:30:26","date_gmt":"2025-01-31T12:30:26","guid":{"rendered":"https:\/\/www.egemtv.com\/?p=14093"},"modified":"2025-01-31T15:30:31","modified_gmt":"2025-01-31T12:30:31","slug":"merkezefendi-belediyesi-kiz-basketbol-takimlari-bolge-sampiyonasina-yukseldi","status":"publish","type":"post","link":"https:\/\/www.egemtv.com\/?p=14093","title":{"rendered":"Merkezefendi Belediyesi k\u0131z basketbol tak\u0131mlar\u0131 b\u00f6lge \u015fampiyonas\u0131na y\u00fckseldi"},"content":{"rendered":"<p>Merkezefendi Belediyesi\u2019ne ba\u011fl\u0131 K\u0131z Basketbol Tak\u0131mlar\u0131, U-14, U-16 ve U-18 kategorilerinde b\u00f6lge \u015fampiyonalar\u0131na kat\u0131lmaya hak kazanarak b\u00fcy\u00fck bir ba\u015far\u0131 elde etti. Ba\u015fkan Do\u011fan, \u201cSporcular\u0131m\u0131z, sahadaki azimleri ve \u00e7al\u0131\u015fkanl\u0131klar\u0131yla b\u00fcy\u00fck bir ba\u015far\u0131ya imza att\u0131\u201d dedi.<\/p>\n<p>Merkezefendi Belediyesi\u2019ne ba\u011fl\u0131 K\u0131z Basketbol Tak\u0131mlar\u0131, g\u00f6sterdikleri \u00fcst\u00fcn performanslarla b\u00f6lge \u015fampiyonalar\u0131nda dikkatleri \u00fczerlerine \u00e7ekti. U-14, U-16 ve U-18 kategorilerinde m\u00fccadele edecek olan Merkezefendi Belediyesi K\u0131z Basketbol Tak\u0131mlar\u0131, Merkezefendi Belediyesi\u2019ni en iyi \u015fekilde temsil etmek i\u00e7in antrenmanlar\u0131n\u0131 yo\u011fun \u015fekilde s\u00fcrd\u00fcr\u00fcyor.<\/p>\n<p>\u201cSporcular\u0131m\u0131z b\u00fcy\u00fck bir ba\u015far\u0131ya imza att\u0131\u201d<br \/>\n<br \/>\u0130l\u00e7enin spor alan\u0131ndaki y\u00fckselen de\u011ferini bir kez daha ortaya koydu\u011funu dile getiren Ba\u015fkan Do\u011fan, \u201cSporcular\u0131m\u0131z, sahadaki azimleri ve \u00e7al\u0131\u015fkanl\u0131klar\u0131yla b\u00fcy\u00fck bir ba\u015far\u0131ya imza att\u0131. Merkezefendi Belediyesi K\u0131z Basketbol Tak\u0131mlar\u0131m\u0131zda her biri harika i\u015f \u00e7\u0131kart\u0131yor. Onlar\u0131n m\u00fccadelesi, il\u00e7emizde sporun geli\u015fimi ad\u0131na \u00e7ok \u00f6nemli. B\u00f6lge \u015fampiyonalar\u0131nda da en iyi \u015fekilde m\u00fccadele edeceklerine inan\u0131yor, U-14, U-16 ve U-18 K\u0131z Basketbol Tak\u0131mlar\u0131m\u0131z\u0131 y\u00fcrekten kutluyor ve t\u00fcm tak\u0131mlar\u0131m\u0131za ba\u015far\u0131lar diliyorum\u201d ifadelerini kulland\u0131.<\/p>\n<p>Sporcular hem tak\u0131ma hem il\u00e7eye katk\u0131 sa\u011fl\u0131yor<br \/>\n<br \/>Ge\u00e7ti\u011fimiz y\u0131llarda Merkezefendi Belediyesi K\u0131z Basketbol Tak\u0131m\u0131\u2019n\u0131n alt yap\u0131s\u0131nda yeti\u015fen sporcular ulusal liglerde \u00e7e\u015fitli tak\u0131mlara transfer olarak hem tak\u0131ma hem de il\u00e7eye b\u00fcy\u00fck bir katk\u0131 sa\u011flad\u0131. Transfer olup ulusal liglerde m\u00fccadele eden sporcular\u0131m\u0131z ilerleyen y\u0131llarda T\u00fcrkiye \u00e7ap\u0131nda ve uluslararas\u0131 arenalarda boy g\u00f6stermeyi hedefliyor.<br \/><\/p>\n","protected":false},"excerpt":{"rendered":"<p>Merkezefendi Belediyesi\u2019ne ba\u011fl\u0131 K\u0131z Basketbol Tak\u0131mlar\u0131, U-14, U-16 ve U-18 kategorilerinde b\u00f6lge \u015fampiyonalar\u0131na kat\u0131lmaya hak kazanarak b\u00fcy\u00fck bir ba\u015far\u0131 elde etti. Ba\u015fkan Do\u011fan, \u201cSporcular\u0131m\u0131z, sahadaki azimleri ve \u00e7al\u0131\u015fkanl\u0131klar\u0131yla b\u00fcy\u00fck bir ba\u015far\u0131ya imza att\u0131\u201d dedi. Merkezefendi Belediyesi\u2019ne ba\u011fl\u0131 K\u0131z Basketbol Tak\u0131mlar\u0131, g\u00f6sterdikleri \u00fcst\u00fcn performanslarla b\u00f6lge \u015fampiyonalar\u0131nda dikkatleri \u00fczerlerine \u00e7ekti. U-14, U-16 ve U-18 kategorilerinde m\u00fccadele edecek&#8230;<\/p>\n","protected":false},"author":1,"featured_media":14094,"comment_status":"open","ping_status":"open","sticky":false,"template":"","format":"standard","meta":{"_crdt_document":"","footnotes":""},"categories":[4],"tags":[],"class_list":["post-14093","post","type-post","status-publish","format-standard","has-post-thumbnail","hentry","category-spor"],"_links":{"self":[{"href":"https:\/\/www.egemtv.com\/index.php?rest_route=\/wp\/v2\/posts\/14093","targetHints":{"allow":["GET"]}}],"collection":[{"href":"https:\/\/www.egemtv.com\/index.php?rest_route=\/wp\/v2\/posts"}],"about":[{"href":"https:\/\/www.egemtv.com\/index.php?rest_route=\/wp\/v2\/types\/post"}],"author":[{"embeddable":true,"href":"https:\/\/www.egemtv.com\/index.php?rest_route=\/wp\/v2\/users\/1"}],"replies":[{"embeddable":true,"href":"https:\/\/www.egemtv.com\/index.php?rest_route=%2Fwp%2Fv2%2Fcomments&post=14093"}],"version-history":[{"count":1,"href":"https:\/\/www.egemtv.com\/index.php?rest_route=\/wp\/v2\/posts\/14093\/revisions"}],"predecessor-version":[{"id":14095,"href":"https:\/\/www.egemtv.com\/index.php?rest_route=\/wp\/v2\/posts\/14093\/revisions\/14095"}],"wp:featuredmedia":[{"embeddable":true,"href":"https:\/\/www.egemtv.com\/index.php?rest_route=\/wp\/v2\/media\/14094"}],"wp:attachment":[{"href":"https:\/\/www.egemtv.com\/index.php?rest_route=%2Fwp%2Fv2%2Fmedia&parent=14093"}],"wp:term":[{"taxonomy":"category","embeddable":true,"href":"https:\/\/www.egemtv.com\/index.php?rest_route=%2Fwp%2Fv2%2Fcategories&post=14093"},{"taxonomy":"post_tag","embeddable":true,"href":"https:\/\/www.egemtv.com\/index.php?rest_route=%2Fwp%2Fv2%2Ftags&post=14093"}],"curies":[{"name":"wp","href":"https:\/\/api.w.org\/{rel}","templated":true}]}}