{"id":14089,"date":"2025-01-31T15:23:04","date_gmt":"2025-01-31T12:23:04","guid":{"rendered":"https:\/\/www.egemtv.com\/?p=14089"},"modified":"2025-01-31T15:23:10","modified_gmt":"2025-01-31T12:23:10","slug":"buyuksehir-didimde-hizmetlerine-devam-ediyor-2","status":"publish","type":"post","link":"https:\/\/www.egemtv.com\/?p=14089","title":{"rendered":"B\u00fcy\u00fck\u015fehir Didim\u2019de hizmetlerine devam ediyor"},"content":{"rendered":"<p>Ayd\u0131n B\u00fcy\u00fck\u015fehir Belediyesi kentin d\u00f6rt bir yan\u0131nda ger\u00e7ekle\u015ftirdi\u011fi \u00e7al\u0131\u015fmalara h\u0131z kesmeden devam ediyor. B\u00fcy\u00fck\u015fehir Belediyesi Park ve Bah\u00e7eler Dairesi Ba\u015fkanl\u0131\u011f\u0131, \u00c7evre Koruma ve Kontrol Dairesi Ba\u015fkanl\u0131\u011f\u0131 ile Ula\u015f\u0131m Dairesi Ba\u015fkanl\u0131\u011f\u0131 ekipleri Didim\u2019de kapsaml\u0131 \u00e7al\u0131\u015fma ger\u00e7ekle\u015ftirdi.<\/p>\n<p>B\u00fcy\u00fck\u015fehir Belediyesi, t\u00fcm il\u00e7elerde ger\u00e7ekle\u015ftirdi\u011fi kente de\u011fer katan \u00e7al\u0131\u015fmalar\u0131 ile Ayd\u0131nl\u0131lara hizmet ula\u015ft\u0131rmay\u0131 s\u00fcrd\u00fcr\u00fcyor.<\/p>\n<p>Park ve Bah\u00e7eler Dairesi Ba\u015fkanl\u0131\u011f\u0131 ekipleri, Didim\u2019i B\u00fcy\u00fck\u015fehir Belediyesi\u2019nin fidanl\u0131klar\u0131nda yeti\u015ftirilen mevsimlik \u00e7i\u00e7ekler ile s\u00fcsledi. Do\u011fan\u0131n rengarenk tonlar\u0131 ile s\u00fcslenen bulvar ve caddelerde peyzaj ve \u00e7evre d\u00fczenlemesi de ger\u00e7ekle\u015ftiren ekipler, trim\u00f6r ve \u00e7\u0131rpma faaliyetlerini de h\u0131zla tamamlad\u0131. Ekipler, yaya ve s\u00fcr\u00fcc\u00fclerin g\u00fcvenli\u011fi i\u00e7in budama \u00e7al\u0131\u015fmas\u0131 da ger\u00e7ekle\u015ftirdi.<\/p>\n<p>Ula\u015f\u0131m Dairesi Ba\u015fkanl\u0131\u011f\u0131 ekipleri taraf\u0131ndan sinyalizasyon sistemleri ile trafik levhalar\u0131 ve delinat\u00f6rlere bak\u0131m \u00e7al\u0131\u015fmas\u0131 ger\u00e7ekle\u015ftirildi. Yaya ge\u00e7itlerini de boyayan ekiplerin hummal\u0131 \u00e7al\u0131\u015fmalar\u0131 s\u00fcr\u00fcc\u00fclerden tam not ald\u0131. Otob\u00fcs duraklar\u0131n\u0131n bak\u0131m\u0131n\u0131 da ger\u00e7ekle\u015ftiren ekipler, her g\u00fcn y\u00fczlerce vatanda\u015f\u0131n kulland\u0131\u011f\u0131 alanlar\u0131 yeniledi.<\/p>\n<p>\u00c7evre Koruma ve Kontrol Dairesi Ba\u015fkanl\u0131\u011f\u0131 ekipleri taraf\u0131ndan gece g\u00fcnd\u00fcz demeden ger\u00e7ekle\u015ftirilen \u00e7al\u0131\u015fmalar s\u00fcr\u00fcyor. Cadde, bulvar ve otob\u00fcs duraklar\u0131nda ger\u00e7ekle\u015ftirilen \u00e7evre koruma ve bak\u0131m faaliyetleri caddeler temizlendi.<\/p>\n<p>Ba\u015fkan \u00c7er\u00e7io\u011flu: \u201cAyd\u0131n\u0131m\u0131z\u0131n d\u00f6rt bir yan\u0131nda \u00e7al\u0131\u015fmalar\u0131m\u0131za devam edece\u011fiz\u201d<br \/>\n<br \/>Ayd\u0131n\u2019\u0131n t\u00fcm il\u00e7elerinde ger\u00e7ekle\u015ftirilen \u00e7al\u0131\u015fmalar\u0131n devam edece\u011fini belirten Ayd\u0131n B\u00fcy\u00fck\u015fehir Belediye Ba\u015fkan\u0131 \u00d6zlem \u00c7er\u00e7io\u011flu, \u201cKentimizin d\u00f6rt bir yan\u0131nda ger\u00e7ekle\u015ftirdi\u011fimiz faaliyetlerimize h\u0131z kesmeden devam ediyoruz. K\u0131rsaldan kent merkezine kadar 17 il\u00e7emizin tamam\u0131nda hizmetlerimizi hem\u015fehrilerimize ula\u015ft\u0131r\u0131yoruz. \u00c7al\u0131\u015fmalar\u0131m\u0131z devam edecek\u201d ifadelerini kulland\u0131.<\/p>\n<p>\u00c7al\u0131\u015fmalardan memnuniyet duyduklar\u0131n\u0131 belirten vatanda\u015flar, hizmetlerinden dolay\u0131 Ayd\u0131n B\u00fcy\u00fck\u015fehir Belediye Ba\u015fkan\u0131 \u00d6zlem \u00c7er\u00e7io\u011flu\u2019na te\u015fekk\u00fcr etti.<br \/><\/p>\n","protected":false},"excerpt":{"rendered":"<p>Ayd\u0131n B\u00fcy\u00fck\u015fehir Belediyesi kentin d\u00f6rt bir yan\u0131nda ger\u00e7ekle\u015ftirdi\u011fi \u00e7al\u0131\u015fmalara h\u0131z kesmeden devam ediyor. B\u00fcy\u00fck\u015fehir Belediyesi Park ve Bah\u00e7eler Dairesi Ba\u015fkanl\u0131\u011f\u0131, \u00c7evre Koruma ve Kontrol Dairesi Ba\u015fkanl\u0131\u011f\u0131 ile Ula\u015f\u0131m Dairesi Ba\u015fkanl\u0131\u011f\u0131 ekipleri Didim\u2019de kapsaml\u0131 \u00e7al\u0131\u015fma ger\u00e7ekle\u015ftirdi. B\u00fcy\u00fck\u015fehir Belediyesi, t\u00fcm il\u00e7elerde ger\u00e7ekle\u015ftirdi\u011fi kente de\u011fer katan \u00e7al\u0131\u015fmalar\u0131 ile Ayd\u0131nl\u0131lara hizmet ula\u015ft\u0131rmay\u0131 s\u00fcrd\u00fcr\u00fcyor. Park ve Bah\u00e7eler Dairesi Ba\u015fkanl\u0131\u011f\u0131 ekipleri,&#8230;<\/p>\n","protected":false},"author":1,"featured_media":14090,"comment_status":"open","ping_status":"open","sticky":false,"template":"","format":"standard","meta":{"_crdt_document":"","footnotes":""},"categories":[1],"tags":[],"class_list":["post-14089","post","type-post","status-publish","format-standard","has-post-thumbnail","hentry","category-guncel"],"_links":{"self":[{"href":"https:\/\/www.egemtv.com\/index.php?rest_route=\/wp\/v2\/posts\/14089","targetHints":{"allow":["GET"]}}],"collection":[{"href":"https:\/\/www.egemtv.com\/index.php?rest_route=\/wp\/v2\/posts"}],"about":[{"href":"https:\/\/www.egemtv.com\/index.php?rest_route=\/wp\/v2\/types\/post"}],"author":[{"embeddable":true,"href":"https:\/\/www.egemtv.com\/index.php?rest_route=\/wp\/v2\/users\/1"}],"replies":[{"embeddable":true,"href":"https:\/\/www.egemtv.com\/index.php?rest_route=%2Fwp%2Fv2%2Fcomments&post=14089"}],"version-history":[{"count":1,"href":"https:\/\/www.egemtv.com\/index.php?rest_route=\/wp\/v2\/posts\/14089\/revisions"}],"predecessor-version":[{"id":14092,"href":"https:\/\/www.egemtv.com\/index.php?rest_route=\/wp\/v2\/posts\/14089\/revisions\/14092"}],"wp:featuredmedia":[{"embeddable":true,"href":"https:\/\/www.egemtv.com\/index.php?rest_route=\/wp\/v2\/media\/14090"}],"wp:attachment":[{"href":"https:\/\/www.egemtv.com\/index.php?rest_route=%2Fwp%2Fv2%2Fmedia&parent=14089"}],"wp:term":[{"taxonomy":"category","embeddable":true,"href":"https:\/\/www.egemtv.com\/index.php?rest_route=%2Fwp%2Fv2%2Fcategories&post=14089"},{"taxonomy":"post_tag","embeddable":true,"href":"https:\/\/www.egemtv.com\/index.php?rest_route=%2Fwp%2Fv2%2Ftags&post=14089"}],"curies":[{"name":"wp","href":"https:\/\/api.w.org\/{rel}","templated":true}]}}