{"id":14083,"date":"2025-01-31T15:22:58","date_gmt":"2025-01-31T12:22:58","guid":{"rendered":"https:\/\/www.egemtv.com\/?p=14083"},"modified":"2025-01-31T15:23:03","modified_gmt":"2025-01-31T12:23:03","slug":"adnan-menderes-stadyumu-imzalar-atildi-2","status":"publish","type":"post","link":"https:\/\/www.egemtv.com\/?p=14083","title":{"rendered":"Adnan Menderes Stadyumu imzalar at\u0131ld\u0131"},"content":{"rendered":"<p>Ayd\u0131n\u2019\u0131n Efeler il\u00e7esinde, depreme dayan\u0131ks\u0131z oldu\u011fu i\u00e7in ge\u00e7ti\u011fimiz y\u0131l y\u0131k\u0131lan 73 y\u0131ll\u0131k Adnan Menderes Stadyumu\u2019nun yerine yap\u0131lacak 6 bin ki\u015filik modern stadyum i\u00e7in yap\u0131m s\u00f6zle\u015fmesi imzalan\u0131rken, \u015eubat ay\u0131nda ilk kazma vurulacak.<br \/>\n<br \/>,<br \/>\n<br \/>Ayd\u0131n Gen\u00e7lik ve Spor \u0130l M\u00fcd\u00fcrl\u00fc\u011f\u00fc ile y\u00fcklenici firma aras\u0131nda yap\u0131lan s\u00f6zle\u015fme kapsam\u0131nda imzalar at\u0131l\u0131rken, firmaya yer teslimi yap\u0131lacak ve in\u015faat \u00e7al\u0131\u015fmalar\u0131 ba\u015flayacak. Yeni stadyum, S\u00fcper Lig standartlar\u0131nda in\u015fa edilecek olup futbolun yan\u0131 s\u0131ra bir\u00e7ok amat\u00f6r bran\u015fa da ev sahipli\u011fi yapacak modern bir spor kompleksi olarak hizmet verecek. Ayd\u0131n spor camias\u0131, projenin hayata ge\u00e7irilmesinde eme\u011fi ge\u00e7en herkese te\u015fekk\u00fcr ederken, ilk kazman\u0131n \u015eubat ay\u0131nda vurulaca\u011f\u0131 \u00f6\u011frenildi.<\/p>\n<p>Yeni stadyum, S\u00fcper Lig dahil olmak \u00fczere t\u00fcm liglerin akreditasyon gereksinimlerini kar\u015f\u0131layacak donan\u0131mda olacak. Stadyumda trib\u00fcn alt\u0131 antrenman salonlar\u0131, seyir localar\u0131, protokol trib\u00fcn\u00fc, toplant\u0131 salonlar\u0131, fuaye alan\u0131, soyunma odalar\u0131, doping odas\u0131, ilk yard\u0131m odas\u0131, engelli WC ve uluslararas\u0131 standartlarda bir atletizm pisti bulunacak. \u00d6te yandan, yeni stadyumunun \u00f6n\u00fcm\u00fczdeki sezona haz\u0131r hale gelmesi bekleniyor.<br \/><\/p>\n","protected":false},"excerpt":{"rendered":"<p>Ayd\u0131n\u2019\u0131n Efeler il\u00e7esinde, depreme dayan\u0131ks\u0131z oldu\u011fu i\u00e7in ge\u00e7ti\u011fimiz y\u0131l y\u0131k\u0131lan 73 y\u0131ll\u0131k Adnan Menderes Stadyumu\u2019nun yerine yap\u0131lacak 6 bin ki\u015filik modern stadyum i\u00e7in yap\u0131m s\u00f6zle\u015fmesi imzalan\u0131rken, \u015eubat ay\u0131nda ilk kazma vurulacak. , Ayd\u0131n Gen\u00e7lik ve Spor \u0130l M\u00fcd\u00fcrl\u00fc\u011f\u00fc ile y\u00fcklenici firma aras\u0131nda yap\u0131lan s\u00f6zle\u015fme kapsam\u0131nda imzalar at\u0131l\u0131rken, firmaya yer teslimi yap\u0131lacak ve in\u015faat \u00e7al\u0131\u015fmalar\u0131 ba\u015flayacak&#8230;.<\/p>\n","protected":false},"author":1,"featured_media":14084,"comment_status":"open","ping_status":"open","sticky":false,"template":"","format":"standard","meta":{"_crdt_document":"","footnotes":""},"categories":[4],"tags":[],"class_list":["post-14083","post","type-post","status-publish","format-standard","has-post-thumbnail","hentry","category-spor"],"_links":{"self":[{"href":"https:\/\/www.egemtv.com\/index.php?rest_route=\/wp\/v2\/posts\/14083","targetHints":{"allow":["GET"]}}],"collection":[{"href":"https:\/\/www.egemtv.com\/index.php?rest_route=\/wp\/v2\/posts"}],"about":[{"href":"https:\/\/www.egemtv.com\/index.php?rest_route=\/wp\/v2\/types\/post"}],"author":[{"embeddable":true,"href":"https:\/\/www.egemtv.com\/index.php?rest_route=\/wp\/v2\/users\/1"}],"replies":[{"embeddable":true,"href":"https:\/\/www.egemtv.com\/index.php?rest_route=%2Fwp%2Fv2%2Fcomments&post=14083"}],"version-history":[{"count":1,"href":"https:\/\/www.egemtv.com\/index.php?rest_route=\/wp\/v2\/posts\/14083\/revisions"}],"predecessor-version":[{"id":14088,"href":"https:\/\/www.egemtv.com\/index.php?rest_route=\/wp\/v2\/posts\/14083\/revisions\/14088"}],"wp:featuredmedia":[{"embeddable":true,"href":"https:\/\/www.egemtv.com\/index.php?rest_route=\/wp\/v2\/media\/14084"}],"wp:attachment":[{"href":"https:\/\/www.egemtv.com\/index.php?rest_route=%2Fwp%2Fv2%2Fmedia&parent=14083"}],"wp:term":[{"taxonomy":"category","embeddable":true,"href":"https:\/\/www.egemtv.com\/index.php?rest_route=%2Fwp%2Fv2%2Fcategories&post=14083"},{"taxonomy":"post_tag","embeddable":true,"href":"https:\/\/www.egemtv.com\/index.php?rest_route=%2Fwp%2Fv2%2Ftags&post=14083"}],"curies":[{"name":"wp","href":"https:\/\/api.w.org\/{rel}","templated":true}]}}