{"id":14076,"date":"2025-01-31T15:22:52","date_gmt":"2025-01-31T12:22:52","guid":{"rendered":"https:\/\/www.egemtv.com\/?p=14076"},"modified":"2025-01-31T15:22:58","modified_gmt":"2025-01-31T12:22:58","slug":"medicana-izmir-hastanesi-hipertansiyon-mukemmeliyet-merkezi-sertifikasi-aldi-2","status":"publish","type":"post","link":"https:\/\/www.egemtv.com\/?p=14076","title":{"rendered":"Medicana \u0130zmir Hastanesi, \u2019Hipertansiyon M\u00fckemmeliyet Merkezi\u2019 sertifikas\u0131 ald\u0131"},"content":{"rendered":"<p>Medicana International \u0130zmir Hastanesi, b\u00fcy\u00fck bir ba\u015far\u0131ya imza atarak Avrupa Hipertansiyon Derne\u011fi (European Society of Hypertension-ESH) taraf\u0131ndan &#8220;Hipertansiyon M\u00fckemmeliyet Merkezi&#8221; sertifikas\u0131n\u0131 almaya hak kazand\u0131.<br \/>\n<br \/>Medicana International \u0130zmir Hastanesi, sa\u011fl\u0131k hizmetlerindeki m\u00fckemmeliyet anlay\u0131\u015f\u0131n\u0131 bir ad\u0131m daha ileriye ta\u015f\u0131may\u0131 ba\u015fard\u0131. Avrupa Hipertansiyon Derne\u011fi (European Society of Hypertension &#8211; ESH), bilimsel ara\u015ft\u0131rmalar ve hasta bak\u0131m\u0131 konusunda k\u00fcresel \u00f6l\u00e7ekte belirleyici bir rol \u00fcstlenerek, hipertansiyon y\u00f6netiminde en y\u00fcksek standartlar\u0131 belirliyor. Medicana International \u0130zmir Hastanesi de Avrupa Hipertansiyon Derne\u011fi taraf\u0131ndan &#8220;Hipertansiyon M\u00fckemmeliyet Merkezi&#8221; sertifikas\u0131n\u0131 almay\u0131 ba\u015fard\u0131. T\u00fcrkiye\u2019de bu sertifikay\u0131 almaya hak kazanan tek hastane olarak, hipertansiyon y\u00f6netiminde uluslararas\u0131 standartlara uygun bir hizmet sundu\u011funu tescil etmi\u015f oldu. Bu sertifikan\u0131n, hastalara sunulan sa\u011fl\u0131k hizmetinin bilimsel verilerle desteklendi\u011fini, multidisipliner bir yakla\u015f\u0131mla en iyi tedavi y\u00f6ntemlerin uyguland\u0131\u011f\u0131n\u0131 ve hasta g\u00fcvenli\u011finin en \u00fcst d\u00fczeyde tutuldu\u011funu kan\u0131tlayan bir belge oldu\u011fu belirtildi.<\/p>\n<p>Prof. Dr. M. Tezer Kutluk: \u201cT\u00fcrkiye\u2019de bir ilk oldu\u201d<br \/>\n<br \/>Medicana Bilim Kurulu Ba\u015fkan\u0131 Prof. Dr. M. Tezer Kutluk, Hipertansiyon M\u00fckemmeliyet Merkezi ile ilgili \u015fu a\u00e7\u0131klamay\u0131 yapt\u0131: \u201cAvrupa Hipertansiyon Derne\u011fi, bir\u00e7ok Avrupa \u00fclkesinde yer al\u0131yor ama Avrupa \u00fclkeleri d\u0131\u015f\u0131nda da epey yeri var. T\u00fcrkiye\u2019de ise hi\u00e7 yoktu. Medicana International \u0130zmir Hastanesi T\u00fcrkiye i\u00e7in ilk oluyor. O nedenle \u0130zmir ekibinin y\u00f6neticilerini ve t\u00fcm \u00e7al\u0131\u015fanlar\u0131n\u0131 kutluyorum. \u015eimdi \u2019M\u00fckemmeliyet Merkezi\u2019 olman\u0131n anlam\u0131 \u015fu: Bir hastanede hasta hizmetini ileriye ta\u015f\u0131yabilmek i\u00e7in bilginin toplanmas\u0131, analiz edilmesi \u00f6nemli. Bilgiyi ne kadar iyi de\u011ferlendirebilirsek kullanabilirsek t\u00fcketebilirsek o bizi hasta bak\u0131m\u0131nda da daha ileriye ta\u015f\u0131yacakt\u0131r. Varolu\u015f sebebimizi gereklerin yerine getirmi\u015f oluyoruz\u201d<\/p>\n<p>Dr. Necip Kozal\u0131: \u201cHakl\u0131 bir gurur ya\u015f\u0131yoruz\u201d<br \/>\n<br \/>Bir ilk imza att\u0131klar\u0131n\u0131 ifade eden Medicana T\u0131bbi Hizmetlerden Sorumlu \u0130cra Kurulu \u00dcyesi Dr. Necip Kozal\u0131, \u201cAvrupa Hipertansiyon Derne\u011fi ile birlikte M\u00fckemmeliyet Merkezi\u2019nin belgesi ve g\u00f6rsel sertifikas\u0131n\u0131n sunulmas\u0131 ve burada kazan\u0131lm\u0131\u015f hakl\u0131 gururun ve mutlulu\u011fun payla\u015f\u0131lmas\u0131 ad\u0131na bir araya gelmi\u015f bulunuyoruz. Medicana International olarak Tezer Hocam\u0131n da bahsetti\u011fi \u00fczere \u015fu anda Bosna Hersek ve \u0130ngiltere hastaneleri de dahil 19 ayr\u0131 lokasyonda hizmet vermekte. Giderek yurt i\u00e7inde ve yurt d\u0131\u015f\u0131ndaki projelerle ileriye ad\u0131m atmaya devam ediyoruz. Medicana isminin uluslararas\u0131 akademik alanda da duyurmak noktas\u0131nda hekim arkada\u015flar\u0131m\u0131zla birlikte motivasyonumuzun \u00e7ok y\u00fcksek oldu\u011funu gerek y\u00f6netim kurulu ba\u015fkan\u0131m\u0131z nezdinde gerek y\u00f6netim kurulu nezdinde gerekse hastaneler nezdinde oldu\u011funu samimi bir \u015fekilde ifade etmek istiyorum\u201d diye konu\u015ftu.<\/p>\n<p>Guido Grassi: \u201cHerkese \u00e7ok te\u015fekk\u00fcr ediyorum\u201d<br \/>\n<br \/>Medicana International \u0130zmir Hastanesinde bulunmaktan b\u00fcy\u00fck bir onur duydu\u011funu dile getiren ESH Eski Ba\u015fkan\u0131 Prof. Guido Grassi, \u201cAvrupa hipertansiyon ekibi olarak hipertansiyona \u00e7ok b\u00fcy\u00fck \u00f6nem veriyoruz ve m\u00fckemmeliyet merkezlerinin hipertansiyonu tan\u0131 ve tedavisindeki standartlar\u0131 yukar\u0131ya \u00e7\u0131karaca\u011f\u0131n\u0131 d\u00fc\u015f\u00fcn\u00fcyoruz. Avrupa\u2019da bir\u00e7ok merkez olmas\u0131na ra\u011fmen T\u00fcrkiye\u2019de bu ilk merkez olacak. Bizim i\u00e7in burada olmak \u00e7ok b\u00fcy\u00fck bir durum. Herkese \u00e7ok te\u015fekk\u00fcr ediyorum\u201d dedi.<br \/><\/p>\n","protected":false},"excerpt":{"rendered":"<p>Medicana International \u0130zmir Hastanesi, b\u00fcy\u00fck bir ba\u015far\u0131ya imza atarak Avrupa Hipertansiyon Derne\u011fi (European Society of Hypertension-ESH) taraf\u0131ndan &#8220;Hipertansiyon M\u00fckemmeliyet Merkezi&#8221; sertifikas\u0131n\u0131 almaya hak kazand\u0131. Medicana International \u0130zmir Hastanesi, sa\u011fl\u0131k hizmetlerindeki m\u00fckemmeliyet anlay\u0131\u015f\u0131n\u0131 bir ad\u0131m daha ileriye ta\u015f\u0131may\u0131 ba\u015fard\u0131. Avrupa Hipertansiyon Derne\u011fi (European Society of Hypertension &#8211; ESH), bilimsel ara\u015ft\u0131rmalar ve hasta bak\u0131m\u0131 konusunda k\u00fcresel \u00f6l\u00e7ekte&#8230;<\/p>\n","protected":false},"author":1,"featured_media":14078,"comment_status":"open","ping_status":"open","sticky":false,"template":"","format":"standard","meta":{"_crdt_document":"","footnotes":""},"categories":[2],"tags":[],"class_list":["post-14076","post","type-post","status-publish","format-standard","has-post-thumbnail","hentry","category-saglik"],"_links":{"self":[{"href":"https:\/\/www.egemtv.com\/index.php?rest_route=\/wp\/v2\/posts\/14076","targetHints":{"allow":["GET"]}}],"collection":[{"href":"https:\/\/www.egemtv.com\/index.php?rest_route=\/wp\/v2\/posts"}],"about":[{"href":"https:\/\/www.egemtv.com\/index.php?rest_route=\/wp\/v2\/types\/post"}],"author":[{"embeddable":true,"href":"https:\/\/www.egemtv.com\/index.php?rest_route=\/wp\/v2\/users\/1"}],"replies":[{"embeddable":true,"href":"https:\/\/www.egemtv.com\/index.php?rest_route=%2Fwp%2Fv2%2Fcomments&post=14076"}],"version-history":[{"count":1,"href":"https:\/\/www.egemtv.com\/index.php?rest_route=\/wp\/v2\/posts\/14076\/revisions"}],"predecessor-version":[{"id":14082,"href":"https:\/\/www.egemtv.com\/index.php?rest_route=\/wp\/v2\/posts\/14076\/revisions\/14082"}],"wp:featuredmedia":[{"embeddable":true,"href":"https:\/\/www.egemtv.com\/index.php?rest_route=\/wp\/v2\/media\/14078"}],"wp:attachment":[{"href":"https:\/\/www.egemtv.com\/index.php?rest_route=%2Fwp%2Fv2%2Fmedia&parent=14076"}],"wp:term":[{"taxonomy":"category","embeddable":true,"href":"https:\/\/www.egemtv.com\/index.php?rest_route=%2Fwp%2Fv2%2Fcategories&post=14076"},{"taxonomy":"post_tag","embeddable":true,"href":"https:\/\/www.egemtv.com\/index.php?rest_route=%2Fwp%2Fv2%2Ftags&post=14076"}],"curies":[{"name":"wp","href":"https:\/\/api.w.org\/{rel}","templated":true}]}}