{"id":14072,"date":"2025-01-31T15:00:33","date_gmt":"2025-01-31T12:00:33","guid":{"rendered":"https:\/\/www.egemtv.com\/?p=14072"},"modified":"2025-01-31T15:00:39","modified_gmt":"2025-01-31T12:00:39","slug":"afyonkarahisara-uyusturucu-madde-yakalandi","status":"publish","type":"post","link":"https:\/\/www.egemtv.com\/?p=14072","title":{"rendered":"Afyonkarahisar\u2019a uyu\u015fturucu madde yakaland\u0131"},"content":{"rendered":"<p>Afyonkarahisar\u2019a uyu\u015fturucu madde getirerek satmak isteyen iki \u015f\u00fcpheli \u015fah\u0131s jandarma ekipleri taraf\u0131ndan yap\u0131lan \u00e7al\u0131\u015fma sonras\u0131 yakalan\u0131rken, ara\u00e7lar\u0131nda yap\u0131lan aramada, \u00e7e\u015fitli t\u00fcrlerde uyu\u015fturucu madde ele ge\u00e7irildi.<br \/>\n<br \/>Afyonkarahisar \u0130l Jandarma Komutanl\u0131\u011f\u0131, uyu\u015fturucu ile m\u00fccadelesini s\u00fcrd\u00fcr\u00fcyor. Bu \u00e7er\u00e7evede ekipler M.Y., \u0130.V., isimli \u015fah\u0131slar\u0131n temin ettikleri uyu\u015fturucu maddeleri Afyonkarahisar\u2019a getirerek satacaklar\u0131 y\u00f6n\u00fcnde bilgi elde etti. Bunun \u00fczerine, \u015f\u00fcpheli \u015fah\u0131slara ait ara\u00e7 Sinanpa\u015fa il\u00e7esine ba\u011fl\u0131 T\u0131naztepe beldesinde Jandarma ekiplerince durduruldu. Al\u0131nan arama karar\u0131na istinaden, Uyu\u015fturucu Madde Arama K\u00f6pe\u011fi ile birlikte ara\u00e7ta ve \u015f\u00fcpheli \u015fah\u0131slar\u0131n \u00fczerinde yap\u0131lan arama sonucunda; 34 adet sentetik ecza hap, 39.9 gram bonzai emdirilmi\u015f t\u00fct\u00fcn ele ge\u00e7irildi. Meydana gelen olay ile ilgili soru\u015fturma devam ediyor.<br \/><\/p>\n","protected":false},"excerpt":{"rendered":"<p>Afyonkarahisar\u2019a uyu\u015fturucu madde getirerek satmak isteyen iki \u015f\u00fcpheli \u015fah\u0131s jandarma ekipleri taraf\u0131ndan yap\u0131lan \u00e7al\u0131\u015fma sonras\u0131 yakalan\u0131rken, ara\u00e7lar\u0131nda yap\u0131lan aramada, \u00e7e\u015fitli t\u00fcrlerde uyu\u015fturucu madde ele ge\u00e7irildi. Afyonkarahisar \u0130l Jandarma Komutanl\u0131\u011f\u0131, uyu\u015fturucu ile m\u00fccadelesini s\u00fcrd\u00fcr\u00fcyor. Bu \u00e7er\u00e7evede ekipler M.Y., \u0130.V., isimli \u015fah\u0131slar\u0131n temin ettikleri uyu\u015fturucu maddeleri Afyonkarahisar\u2019a getirerek satacaklar\u0131 y\u00f6n\u00fcnde bilgi elde etti. Bunun \u00fczerine, \u015f\u00fcpheli \u015fah\u0131slara&#8230;<\/p>\n","protected":false},"author":1,"featured_media":14073,"comment_status":"open","ping_status":"open","sticky":false,"template":"","format":"standard","meta":{"_crdt_document":"","footnotes":""},"categories":[5],"tags":[],"class_list":["post-14072","post","type-post","status-publish","format-standard","has-post-thumbnail","hentry","category-asayis"],"_links":{"self":[{"href":"https:\/\/www.egemtv.com\/index.php?rest_route=\/wp\/v2\/posts\/14072","targetHints":{"allow":["GET"]}}],"collection":[{"href":"https:\/\/www.egemtv.com\/index.php?rest_route=\/wp\/v2\/posts"}],"about":[{"href":"https:\/\/www.egemtv.com\/index.php?rest_route=\/wp\/v2\/types\/post"}],"author":[{"embeddable":true,"href":"https:\/\/www.egemtv.com\/index.php?rest_route=\/wp\/v2\/users\/1"}],"replies":[{"embeddable":true,"href":"https:\/\/www.egemtv.com\/index.php?rest_route=%2Fwp%2Fv2%2Fcomments&post=14072"}],"version-history":[{"count":1,"href":"https:\/\/www.egemtv.com\/index.php?rest_route=\/wp\/v2\/posts\/14072\/revisions"}],"predecessor-version":[{"id":14074,"href":"https:\/\/www.egemtv.com\/index.php?rest_route=\/wp\/v2\/posts\/14072\/revisions\/14074"}],"wp:featuredmedia":[{"embeddable":true,"href":"https:\/\/www.egemtv.com\/index.php?rest_route=\/wp\/v2\/media\/14073"}],"wp:attachment":[{"href":"https:\/\/www.egemtv.com\/index.php?rest_route=%2Fwp%2Fv2%2Fmedia&parent=14072"}],"wp:term":[{"taxonomy":"category","embeddable":true,"href":"https:\/\/www.egemtv.com\/index.php?rest_route=%2Fwp%2Fv2%2Fcategories&post=14072"},{"taxonomy":"post_tag","embeddable":true,"href":"https:\/\/www.egemtv.com\/index.php?rest_route=%2Fwp%2Fv2%2Ftags&post=14072"}],"curies":[{"name":"wp","href":"https:\/\/api.w.org\/{rel}","templated":true}]}}