{"id":14069,"date":"2025-01-31T14:56:55","date_gmt":"2025-01-31T11:56:55","guid":{"rendered":"https:\/\/www.egemtv.com\/?p=14069"},"modified":"2025-01-31T14:57:00","modified_gmt":"2025-01-31T11:57:00","slug":"koycegizde-icme-suyu-deposu-yenilendi","status":"publish","type":"post","link":"https:\/\/www.egemtv.com\/?p=14069","title":{"rendered":"K\u00f6yce\u011fiz\u2019de i\u00e7me suyu deposu yenilendi"},"content":{"rendered":"<p>MUSK\u0130 ekipleri K\u00f6yce\u011fiz \u0130l\u00e7esi Zeytinalan\u0131, Beyobas\u0131, K\u00f6yce\u011fiz ve Kavakaras\u0131 Mahallelerine i\u00e7me suyu sa\u011flayan su deposunu yeniledi. Ekiplerin yapt\u0131\u011f\u0131 \u00e7al\u0131\u015fma ile bu d\u00f6rt mahalleye uzun y\u0131llar sa\u011fl\u0131kl\u0131 su sa\u011flanmaya devam edilecek.<br \/>\n<br \/>Mu\u011fla B\u00fcy\u00fck\u015fehir Belediyesi Su ve Kanalizasyon \u0130daresi (MUSK\u0130) Genel M\u00fcd\u00fcrl\u00fc\u011f\u00fc ekipleri depo tadilat\u0131 ve bak\u0131m onar\u0131m \u00e7al\u0131\u015fmalar\u0131na devam ediyor. \u0130\u00e7me suyu depolar\u0131n\u0131 yenileyerek hem teknolojik donan\u0131ma kavu\u015fturan hem de vatanda\u015flara sa\u011fl\u0131kl\u0131 su sa\u011flayan MUSK\u0130 ekipleri bu \u00e7al\u0131\u015fmalar\u0131na son olarak K\u00f6yce\u011fiz\u2019de devam etti.<br \/>\n<br \/>K\u00f6yce\u011fiz il\u00e7esi Zeytinalan\u0131, Beyobas\u0131, K\u00f6yce\u011fiz ve Kavakaras\u0131 Mahalleleri olmak \u00fczere yakla\u015f\u0131k 1500 abonenin su ihtiyac\u0131n\u0131 kar\u015f\u0131layan depoyu yenileyen ekipler burada sa\u011fl\u0131ks\u0131z \u015fartlar olu\u015fturabilecek t\u00fcm etkenleri ortadan kald\u0131rd\u0131. Deponun i\u00e7 ve d\u0131\u015f temizli\u011fi detayl\u0131ca yap\u0131l\u0131rken, duvarlarda s\u0131va i\u015flemleri, eskiyen mekanik aksam\u0131n yenilenmesi gibi \u00e7al\u0131\u015fmalar yap\u0131ld\u0131.<br \/>\n<br \/>Mahallelerinde ger\u00e7ekle\u015ftirilen \u00e7al\u0131\u015fman\u0131n kendileri i\u00e7in b\u00fcy\u00fck \u00f6nem arz etti\u011fine vurgu yapan Mahalle Muhtar\u0131 Sezgin Ko\u00e7yi\u011fit, \u201c1970 y\u0131l\u0131nda yap\u0131lm\u0131\u015f bir depo var, hemen arkam\u0131zda. Bu tabii zaman ge\u00e7tik\u00e7e de eskimi\u015f, eski halde. \u015eimdi depomuz eskiydi zaten, betonarme bir depomuzdu. O sa\u011fl\u0131ks\u0131z olabilirdi. Ayn\u0131 zamanda burada K\u00f6yce\u011fiz K\u00f6y\u00fc ve Kavakaras\u0131\u2019n\u0131 da besleyen bir depomuz bu depo. \u015eimdi depolar\u0131m\u0131z yenilendi\u011finden dolay\u0131 su bas\u0131nc\u0131m\u0131z daha iyi olaca\u011f\u0131n\u0131 d\u00fc\u015f\u00fcn\u00fcyorum her \u00fc\u00e7 mahalle i\u00e7in. Hem Kavakaras\u0131, K\u00f6yce\u011fiz K\u00f6y\u00fc ve Zeytinalan\u0131 i\u00e7in. Bug\u00fcn 15 personelle beraber \u00e7al\u0131\u015fma yap\u0131yoruz. Onun i\u00e7in iyi olaca\u011f\u0131n\u0131 d\u00fc\u015f\u00fcn\u00fcyoruz, in\u015fallah iyi olur. Sadece Zeytinalan\u0131\u2019nda Bin 200-Bin 300 hane faydalanabilecek. Ahmet ba\u015fkan\u0131m\u0131za te\u015fekk\u00fcr ederim\u201d dedi.<br \/><\/p>\n","protected":false},"excerpt":{"rendered":"<p>MUSK\u0130 ekipleri K\u00f6yce\u011fiz \u0130l\u00e7esi Zeytinalan\u0131, Beyobas\u0131, K\u00f6yce\u011fiz ve Kavakaras\u0131 Mahallelerine i\u00e7me suyu sa\u011flayan su deposunu yeniledi. Ekiplerin yapt\u0131\u011f\u0131 \u00e7al\u0131\u015fma ile bu d\u00f6rt mahalleye uzun y\u0131llar sa\u011fl\u0131kl\u0131 su sa\u011flanmaya devam edilecek. Mu\u011fla B\u00fcy\u00fck\u015fehir Belediyesi Su ve Kanalizasyon \u0130daresi (MUSK\u0130) Genel M\u00fcd\u00fcrl\u00fc\u011f\u00fc ekipleri depo tadilat\u0131 ve bak\u0131m onar\u0131m \u00e7al\u0131\u015fmalar\u0131na devam ediyor. \u0130\u00e7me suyu depolar\u0131n\u0131 yenileyerek hem teknolojik&#8230;<\/p>\n","protected":false},"author":1,"featured_media":14070,"comment_status":"open","ping_status":"open","sticky":false,"template":"","format":"standard","meta":{"_crdt_document":"","footnotes":""},"categories":[2],"tags":[],"class_list":["post-14069","post","type-post","status-publish","format-standard","has-post-thumbnail","hentry","category-saglik"],"_links":{"self":[{"href":"https:\/\/www.egemtv.com\/index.php?rest_route=\/wp\/v2\/posts\/14069","targetHints":{"allow":["GET"]}}],"collection":[{"href":"https:\/\/www.egemtv.com\/index.php?rest_route=\/wp\/v2\/posts"}],"about":[{"href":"https:\/\/www.egemtv.com\/index.php?rest_route=\/wp\/v2\/types\/post"}],"author":[{"embeddable":true,"href":"https:\/\/www.egemtv.com\/index.php?rest_route=\/wp\/v2\/users\/1"}],"replies":[{"embeddable":true,"href":"https:\/\/www.egemtv.com\/index.php?rest_route=%2Fwp%2Fv2%2Fcomments&post=14069"}],"version-history":[{"count":1,"href":"https:\/\/www.egemtv.com\/index.php?rest_route=\/wp\/v2\/posts\/14069\/revisions"}],"predecessor-version":[{"id":14071,"href":"https:\/\/www.egemtv.com\/index.php?rest_route=\/wp\/v2\/posts\/14069\/revisions\/14071"}],"wp:featuredmedia":[{"embeddable":true,"href":"https:\/\/www.egemtv.com\/index.php?rest_route=\/wp\/v2\/media\/14070"}],"wp:attachment":[{"href":"https:\/\/www.egemtv.com\/index.php?rest_route=%2Fwp%2Fv2%2Fmedia&parent=14069"}],"wp:term":[{"taxonomy":"category","embeddable":true,"href":"https:\/\/www.egemtv.com\/index.php?rest_route=%2Fwp%2Fv2%2Fcategories&post=14069"},{"taxonomy":"post_tag","embeddable":true,"href":"https:\/\/www.egemtv.com\/index.php?rest_route=%2Fwp%2Fv2%2Ftags&post=14069"}],"curies":[{"name":"wp","href":"https:\/\/api.w.org\/{rel}","templated":true}]}}