{"id":14066,"date":"2025-01-31T14:51:26","date_gmt":"2025-01-31T11:51:26","guid":{"rendered":"https:\/\/www.egemtv.com\/?p=14066"},"modified":"2025-01-31T14:51:30","modified_gmt":"2025-01-31T11:51:30","slug":"cuma-hutbesinde-islamda-cenaze-ve-taziye-konusu-anlatildi","status":"publish","type":"post","link":"https:\/\/www.egemtv.com\/?p=14066","title":{"rendered":"Cuma hutbesinde \u2019\u0130slam\u2019da cenaze ve taziye\u2019 konusu anlat\u0131ld\u0131"},"content":{"rendered":"<p>Diyanet \u0130\u015fleri Ba\u015fkanl\u0131\u011f\u0131 taraf\u0131ndan a\u00e7\u0131klanan cuma hutbesinde, M\u00fcsl\u00fcmanlar\u0131n cenaze ve taziyeyle ilgili dini sorumluluklar\u0131 hat\u0131rlat\u0131ld\u0131. Hutbede, \u0130slam\u2019da insan\u0131n hayat\u0131 oldu\u011fu kadar \u00f6l\u00fcm\u00fcn\u00fcn de de\u011ferli oldu\u011fu ve \u00f6l\u00fcm\u00fcn bir yok olu\u015f de\u011fil, ebedi hayat\u0131n ba\u015flang\u0131c\u0131 oldu\u011funa vurgu yap\u0131ld\u0131.<br \/>\n<br \/>Cenaze adab\u0131na dikkat \u00e7ekilen hutbede m\u00fcsl\u00fcmanlar\u0131n vefat eden karde\u015flerini u\u011furlarken, onlar\u0131 sayg\u0131yla anmas\u0131, cenaze namaz\u0131n\u0131 hu\u015fu i\u00e7erisinde k\u0131lmas\u0131 ve dualarla son yolculuklar\u0131na u\u011furlamalar\u0131 gereklili\u011fi hat\u0131rlat\u0131ld\u0131. Cenazenin y\u0131kanmas\u0131, kefenlenmesi ve u\u011furlama s\u0131ras\u0131nda \u00f6l\u00fcye sayg\u0131 g\u00f6sterilmesi gerekti\u011fi belirtilirken, cenaze namaz\u0131n\u0131n do\u011fru \u015fekilde k\u0131l\u0131nmas\u0131 ve cenaze ba\u015f\u0131nda gereksiz tart\u0131\u015fmalardan ka\u00e7\u0131n\u0131lmas\u0131 gerekti\u011fi de hat\u0131rlat\u0131ld\u0131. Ayr\u0131ca, vefat eden ki\u015finin g\u00fcnahlar\u0131n\u0131n ba\u011f\u0131\u015flanmas\u0131 i\u00e7in dua edilmesi, taziye ziyaretlerinde ise ac\u0131 \u00e7eken yak\u0131nlara sab\u0131r ve destek verilmesi gerekti\u011fi vurguland\u0131.<br \/>\n<br \/>Taziye ziyaretlerinin \u00fc\u00e7 g\u00fcnden fazla olmamas\u0131 gerekti\u011fi, cenaze sahiplerinin bu d\u00f6nemde fazla masrafa girmemesi gerekti\u011fi de hat\u0131rlat\u0131lan bir di\u011fer \u00f6nemli nokta oldu. \u0130slam\u2019a g\u00f6re, cenaze sahiplerinin yemek haz\u0131rlamak yerine akraba ve kom\u015fular\u0131n\u0131n yemek ikram\u0131nda bulunmas\u0131 s\u00fcnnet oldu\u011fu hat\u0131rlat\u0131larak, Peygamber Efendimizin (s.a.s) Hz. Ca\u2019fer\u2019in \u015fehit olmas\u0131n\u0131n ard\u0131ndan ailesine yemek haz\u0131rlanmas\u0131n\u0131 istemesi \u00f6rnek g\u00f6sterildi.<br \/>\n<br \/>\u00d6l\u00fcm\u00fcn bir kay\u0131p de\u011fil Allah\u2019\u0131n sonsuz rahmetine ula\u015fman\u0131n bir arac\u0131 oldu\u011funun alt\u0131n\u0131n \u00e7izildi\u011fi hutbede, M\u00fcsl\u00fcmanlar\u0131n \u00f6len yak\u0131nlar\u0131 i\u00e7in hay\u0131r i\u015fleyerek onlar\u0131n amel defterlerini a\u00e7\u0131k tutmalar\u0131 gerekti\u011fi hat\u0131rlat\u0131ld\u0131. \u00d6n\u00fcm\u00fczdeki Per\u015fembe g\u00fcn\u00fc 11 ilimizi etkileyen b\u00fcy\u00fck deprem felaketinin ikinci y\u0131l d\u00f6n\u00fcm\u00fcne de at\u0131fta bulunulan hutbe, hayat\u0131n ve \u00f6l\u00fcm\u00fcn ger\u00e7ek amac\u0131n\u0131 a\u00e7\u0131klayan bir ayetle devam etti. Bu vesileyle t\u00fcm vefat edenlere rahmet ve dua edilerek t\u00fcm \u00fclke ve insanl\u0131k i\u00e7in af ve muhafaza dilekleri ile hutbe s\u00fcrd\u00fcr\u00fcld\u00fc.<br \/>\n<br \/>\u201cBenim namaz\u0131m, her t\u00fcrl\u00fc ibadetim, hayat\u0131m ve \u00f6l\u00fcm\u00fcm \u00e2lemlerin Rabbi olan Allah i\u00e7indir\u201d ayeti ile hayat\u0131n ger\u00e7ek amac\u0131n\u0131n ve \u00f6l\u00fcm\u00fcn anlam\u0131n\u0131n \u00fczerinde durulan hutbe, M\u00fcsl\u00fcmanlar\u0131 bu bilin\u00e7le ya\u015fama ve \u00f6l\u00fcmle ilgili sorumluluklar\u0131n\u0131 yerine getirmeye davet edilerek tamamland\u0131.<br \/><\/p>\n","protected":false},"excerpt":{"rendered":"<p>Diyanet \u0130\u015fleri Ba\u015fkanl\u0131\u011f\u0131 taraf\u0131ndan a\u00e7\u0131klanan cuma hutbesinde, M\u00fcsl\u00fcmanlar\u0131n cenaze ve taziyeyle ilgili dini sorumluluklar\u0131 hat\u0131rlat\u0131ld\u0131. Hutbede, \u0130slam\u2019da insan\u0131n hayat\u0131 oldu\u011fu kadar \u00f6l\u00fcm\u00fcn\u00fcn de de\u011ferli oldu\u011fu ve \u00f6l\u00fcm\u00fcn bir yok olu\u015f de\u011fil, ebedi hayat\u0131n ba\u015flang\u0131c\u0131 oldu\u011funa vurgu yap\u0131ld\u0131. Cenaze adab\u0131na dikkat \u00e7ekilen hutbede m\u00fcsl\u00fcmanlar\u0131n vefat eden karde\u015flerini u\u011furlarken, onlar\u0131 sayg\u0131yla anmas\u0131, cenaze namaz\u0131n\u0131 hu\u015fu i\u00e7erisinde k\u0131lmas\u0131&#8230;<\/p>\n","protected":false},"author":1,"featured_media":14067,"comment_status":"open","ping_status":"open","sticky":false,"template":"","format":"standard","meta":{"_crdt_document":"","footnotes":""},"categories":[1],"tags":[],"class_list":["post-14066","post","type-post","status-publish","format-standard","has-post-thumbnail","hentry","category-guncel"],"_links":{"self":[{"href":"https:\/\/www.egemtv.com\/index.php?rest_route=\/wp\/v2\/posts\/14066","targetHints":{"allow":["GET"]}}],"collection":[{"href":"https:\/\/www.egemtv.com\/index.php?rest_route=\/wp\/v2\/posts"}],"about":[{"href":"https:\/\/www.egemtv.com\/index.php?rest_route=\/wp\/v2\/types\/post"}],"author":[{"embeddable":true,"href":"https:\/\/www.egemtv.com\/index.php?rest_route=\/wp\/v2\/users\/1"}],"replies":[{"embeddable":true,"href":"https:\/\/www.egemtv.com\/index.php?rest_route=%2Fwp%2Fv2%2Fcomments&post=14066"}],"version-history":[{"count":1,"href":"https:\/\/www.egemtv.com\/index.php?rest_route=\/wp\/v2\/posts\/14066\/revisions"}],"predecessor-version":[{"id":14068,"href":"https:\/\/www.egemtv.com\/index.php?rest_route=\/wp\/v2\/posts\/14066\/revisions\/14068"}],"wp:featuredmedia":[{"embeddable":true,"href":"https:\/\/www.egemtv.com\/index.php?rest_route=\/wp\/v2\/media\/14067"}],"wp:attachment":[{"href":"https:\/\/www.egemtv.com\/index.php?rest_route=%2Fwp%2Fv2%2Fmedia&parent=14066"}],"wp:term":[{"taxonomy":"category","embeddable":true,"href":"https:\/\/www.egemtv.com\/index.php?rest_route=%2Fwp%2Fv2%2Fcategories&post=14066"},{"taxonomy":"post_tag","embeddable":true,"href":"https:\/\/www.egemtv.com\/index.php?rest_route=%2Fwp%2Fv2%2Ftags&post=14066"}],"curies":[{"name":"wp","href":"https:\/\/api.w.org\/{rel}","templated":true}]}}