{"id":14063,"date":"2025-01-31T14:51:20","date_gmt":"2025-01-31T11:51:20","guid":{"rendered":"https:\/\/www.egemtv.com\/?p=14063"},"modified":"2025-01-31T14:51:26","modified_gmt":"2025-01-31T11:51:26","slug":"baskan-cercioglu-romanya-baskonsolosu-zamfiroiuyu-agirladi","status":"publish","type":"post","link":"https:\/\/www.egemtv.com\/?p=14063","title":{"rendered":"Ba\u015fkan \u00c7er\u00e7io\u011flu, Romanya Ba\u015fkonsolosu Zamfiroiu\u2019yu a\u011f\u0131rlad\u0131"},"content":{"rendered":"<p>Ayd\u0131n B\u00fcy\u00fck\u015fehir Belediye Ba\u015fkan\u0131 \u00d6zlem \u00c7er\u00e7io\u011flu\u2019na, Romanya \u0130zmir Ba\u015fkonsolosu Lilian Zamfiroiu nezaket ziyaretinde bulundu.<br \/>\n<br \/>Ziyarette, Ayd\u0131n ve Romanya aras\u0131ndaki ili\u015fkilerin geli\u015ftirilmesi ve i\u015f birliklerinin art\u0131r\u0131lmas\u0131na y\u00f6nelik g\u00f6r\u00fc\u015f al\u0131\u015fveri\u015finde bulunuldu. Zamfiroiu, \u00c7er\u00e7io\u011flu\u2019nu Ayd\u0131n\u2019daki ba\u015far\u0131l\u0131 \u00e7al\u0131\u015fmalar\u0131ndan dolay\u0131 tebrik etti ve ba\u015far\u0131lar\u0131n\u0131n devam\u0131n\u0131 diledi. Ba\u015fkan \u00c7er\u00e7io\u011flu ise Zamfiroiu\u2019ya nazik ziyaretleri i\u00e7in te\u015fekk\u00fcr etti.<br \/><\/p>\n","protected":false},"excerpt":{"rendered":"<p>Ayd\u0131n B\u00fcy\u00fck\u015fehir Belediye Ba\u015fkan\u0131 \u00d6zlem \u00c7er\u00e7io\u011flu\u2019na, Romanya \u0130zmir Ba\u015fkonsolosu Lilian Zamfiroiu nezaket ziyaretinde bulundu. Ziyarette, Ayd\u0131n ve Romanya aras\u0131ndaki ili\u015fkilerin geli\u015ftirilmesi ve i\u015f birliklerinin art\u0131r\u0131lmas\u0131na y\u00f6nelik g\u00f6r\u00fc\u015f al\u0131\u015fveri\u015finde bulunuldu. Zamfiroiu, \u00c7er\u00e7io\u011flu\u2019nu Ayd\u0131n\u2019daki ba\u015far\u0131l\u0131 \u00e7al\u0131\u015fmalar\u0131ndan dolay\u0131 tebrik etti ve ba\u015far\u0131lar\u0131n\u0131n devam\u0131n\u0131 diledi. Ba\u015fkan \u00c7er\u00e7io\u011flu ise Zamfiroiu\u2019ya nazik ziyaretleri i\u00e7in te\u015fekk\u00fcr etti.<\/p>\n","protected":false},"author":1,"featured_media":14064,"comment_status":"open","ping_status":"open","sticky":false,"template":"","format":"standard","meta":{"_crdt_document":"","footnotes":""},"categories":[1],"tags":[],"class_list":["post-14063","post","type-post","status-publish","format-standard","has-post-thumbnail","hentry","category-guncel"],"_links":{"self":[{"href":"https:\/\/www.egemtv.com\/index.php?rest_route=\/wp\/v2\/posts\/14063","targetHints":{"allow":["GET"]}}],"collection":[{"href":"https:\/\/www.egemtv.com\/index.php?rest_route=\/wp\/v2\/posts"}],"about":[{"href":"https:\/\/www.egemtv.com\/index.php?rest_route=\/wp\/v2\/types\/post"}],"author":[{"embeddable":true,"href":"https:\/\/www.egemtv.com\/index.php?rest_route=\/wp\/v2\/users\/1"}],"replies":[{"embeddable":true,"href":"https:\/\/www.egemtv.com\/index.php?rest_route=%2Fwp%2Fv2%2Fcomments&post=14063"}],"version-history":[{"count":1,"href":"https:\/\/www.egemtv.com\/index.php?rest_route=\/wp\/v2\/posts\/14063\/revisions"}],"predecessor-version":[{"id":14065,"href":"https:\/\/www.egemtv.com\/index.php?rest_route=\/wp\/v2\/posts\/14063\/revisions\/14065"}],"wp:featuredmedia":[{"embeddable":true,"href":"https:\/\/www.egemtv.com\/index.php?rest_route=\/wp\/v2\/media\/14064"}],"wp:attachment":[{"href":"https:\/\/www.egemtv.com\/index.php?rest_route=%2Fwp%2Fv2%2Fmedia&parent=14063"}],"wp:term":[{"taxonomy":"category","embeddable":true,"href":"https:\/\/www.egemtv.com\/index.php?rest_route=%2Fwp%2Fv2%2Fcategories&post=14063"},{"taxonomy":"post_tag","embeddable":true,"href":"https:\/\/www.egemtv.com\/index.php?rest_route=%2Fwp%2Fv2%2Ftags&post=14063"}],"curies":[{"name":"wp","href":"https:\/\/api.w.org\/{rel}","templated":true}]}}