{"id":14060,"date":"2025-01-31T14:51:15","date_gmt":"2025-01-31T11:51:15","guid":{"rendered":"https:\/\/www.egemtv.com\/?p=14060"},"modified":"2025-01-31T14:51:20","modified_gmt":"2025-01-31T11:51:20","slug":"mentesede-kacak-avciliga-gecit-yok","status":"publish","type":"post","link":"https:\/\/www.egemtv.com\/?p=14060","title":{"rendered":"Mente\u015fe\u2019de ka\u00e7ak avc\u0131l\u0131\u011fa ge\u00e7it yok"},"content":{"rendered":"<p>Mu\u011fla\u2019n\u0131n Mente\u015fe il\u00e7esinde, ka\u00e7ak avc\u0131l\u0131\u011fa kar\u015f\u0131 Do\u011fa Koruma, Orman ve Jandarma ekipleri harekete ge\u00e7ti. Da\u011fl\u0131k k\u0131rsal b\u00f6lgelerde ka\u00e7ak yollarla yaban ke\u00e7isi avlamak amac\u0131yla kurulan 5 baraka tespit edilerek imha edildi.<\/p>\n<p>Mu\u011fla Orman B\u00f6lge M\u00fcd\u00fcrl\u00fc\u011f\u00fc, Mu\u011fla \u0130l Jandarma Komutanl\u0131\u011f\u0131 ve Mu\u011fla Do\u011fa Koruma ve Milli Parklar ekiplerinin ortak operasyonuyla ka\u00e7ak avc\u0131lara b\u00fcy\u00fck bir darbe vuruldu. Ekipler, yasad\u0131\u015f\u0131 avlanmaya kar\u015f\u0131 s\u0131k\u0131 denetimlerini s\u00fcrd\u00fcreceklerini ve do\u011fa koruma \u00e7al\u0131\u015fmalar\u0131na aral\u0131ks\u0131z devam edeceklerini belirtti.<\/p>\n<p>Yetkililer, ka\u00e7ak avc\u0131l\u0131kla m\u00fccadelede vatanda\u015flar\u0131n duyarl\u0131l\u0131\u011f\u0131n\u0131n \u00f6nemli oldu\u011funu vurgulayarak, yasa d\u0131\u015f\u0131 avc\u0131l\u0131k faaliyetlerine tan\u0131k olanlar\u0131n durumunun yetkililere bildirmeleri \u00e7a\u011fr\u0131s\u0131nda bulundu.<br \/><\/p>\n","protected":false},"excerpt":{"rendered":"<p>Mu\u011fla\u2019n\u0131n Mente\u015fe il\u00e7esinde, ka\u00e7ak avc\u0131l\u0131\u011fa kar\u015f\u0131 Do\u011fa Koruma, Orman ve Jandarma ekipleri harekete ge\u00e7ti. Da\u011fl\u0131k k\u0131rsal b\u00f6lgelerde ka\u00e7ak yollarla yaban ke\u00e7isi avlamak amac\u0131yla kurulan 5 baraka tespit edilerek imha edildi. Mu\u011fla Orman B\u00f6lge M\u00fcd\u00fcrl\u00fc\u011f\u00fc, Mu\u011fla \u0130l Jandarma Komutanl\u0131\u011f\u0131 ve Mu\u011fla Do\u011fa Koruma ve Milli Parklar ekiplerinin ortak operasyonuyla ka\u00e7ak avc\u0131lara b\u00fcy\u00fck bir darbe vuruldu. Ekipler,&#8230;<\/p>\n","protected":false},"author":1,"featured_media":14061,"comment_status":"open","ping_status":"open","sticky":false,"template":"","format":"standard","meta":{"_crdt_document":"","footnotes":""},"categories":[1],"tags":[],"class_list":["post-14060","post","type-post","status-publish","format-standard","has-post-thumbnail","hentry","category-guncel"],"_links":{"self":[{"href":"https:\/\/www.egemtv.com\/index.php?rest_route=\/wp\/v2\/posts\/14060","targetHints":{"allow":["GET"]}}],"collection":[{"href":"https:\/\/www.egemtv.com\/index.php?rest_route=\/wp\/v2\/posts"}],"about":[{"href":"https:\/\/www.egemtv.com\/index.php?rest_route=\/wp\/v2\/types\/post"}],"author":[{"embeddable":true,"href":"https:\/\/www.egemtv.com\/index.php?rest_route=\/wp\/v2\/users\/1"}],"replies":[{"embeddable":true,"href":"https:\/\/www.egemtv.com\/index.php?rest_route=%2Fwp%2Fv2%2Fcomments&post=14060"}],"version-history":[{"count":1,"href":"https:\/\/www.egemtv.com\/index.php?rest_route=\/wp\/v2\/posts\/14060\/revisions"}],"predecessor-version":[{"id":14062,"href":"https:\/\/www.egemtv.com\/index.php?rest_route=\/wp\/v2\/posts\/14060\/revisions\/14062"}],"wp:featuredmedia":[{"embeddable":true,"href":"https:\/\/www.egemtv.com\/index.php?rest_route=\/wp\/v2\/media\/14061"}],"wp:attachment":[{"href":"https:\/\/www.egemtv.com\/index.php?rest_route=%2Fwp%2Fv2%2Fmedia&parent=14060"}],"wp:term":[{"taxonomy":"category","embeddable":true,"href":"https:\/\/www.egemtv.com\/index.php?rest_route=%2Fwp%2Fv2%2Fcategories&post=14060"},{"taxonomy":"post_tag","embeddable":true,"href":"https:\/\/www.egemtv.com\/index.php?rest_route=%2Fwp%2Fv2%2Ftags&post=14060"}],"curies":[{"name":"wp","href":"https:\/\/api.w.org\/{rel}","templated":true}]}}