{"id":14057,"date":"2025-01-31T14:42:40","date_gmt":"2025-01-31T11:42:40","guid":{"rendered":"https:\/\/www.egemtv.com\/?p=14057"},"modified":"2025-01-31T14:42:45","modified_gmt":"2025-01-31T11:42:45","slug":"incirliova-belediyesporda-hedef-9da-9","status":"publish","type":"post","link":"https:\/\/www.egemtv.com\/?p=14057","title":{"rendered":"\u0130ncirliova Belediyespor\u2019da hedef 9\u2019da 9"},"content":{"rendered":"<p>Ayd\u0131n S\u00fcper Amat\u00f6r Lig\u2019in ikinci yar\u0131s\u0131 \u00f6ncesinde yapt\u0131\u011f\u0131 transferlerle kadrosunu g\u00fc\u00e7lendiren \u0130ncirliova Belediyespor\u2019un Asba\u015fkan\u0131 Sad\u0131k Kaya; &#8220;Hedefimiz ikinci yar\u0131da oynayaca\u011f\u0131m\u0131z 9 ma\u00e7tan galibiyetle ayr\u0131larak ligi \u015fampiyon tamamlamak&#8221; dedi.<\/p>\n<p>Ayd\u0131n S\u00fcper Amat\u00f6r Lig\u2019in ilk yar\u0131s\u0131n\u0131 22 puanla lider Ayd\u0131nspor\u2019un 2 puan gerisinde tamamlayan \u0130ncirliova Belediyespor, ligin ikinci yar\u0131s\u0131na iddial\u0131 bir ba\u015flang\u0131\u00e7 yapmaya haz\u0131rlan\u0131yor. Haz\u0131rl\u0131klar\u0131n\u0131 yo\u011fun tempoda s\u00fcrd\u00fcren tak\u0131m, transfer d\u00f6neminde de yapt\u0131\u011f\u0131 transferlerle kadrosunu g\u00fc\u00e7lendirdi.<\/p>\n<p>Transfer \u00e7al\u0131\u015fmalar\u0131nda dikkat \u00e7eken \u0130ncirliova Belediyespor, Germencikspor\u2019dan 20 ya\u015f\u0131ndaki kanat oyuncusu Ayberk Yenibertiz, Kahramanspor\u2019dan 28 ya\u015f\u0131ndaki forvet oyuncusu Erhan Ankara, G\u00fczel\u00e7aml\u0131spor\u2019dan 33 ya\u015f\u0131ndaki orta saha oyuncusu Orhan \u00c7ulha ve altyap\u0131dan gen\u00e7 yetenek Rasim Efe \u00d6zcan ile anla\u015fmaya vard\u0131. Yeni transferler, tak\u0131mla birlikte antrenmanlara ba\u015flayarak ikinci yar\u0131 haz\u0131rl\u0131klar\u0131na h\u0131z verdi. Kul\u00fcp y\u00f6netimi, transferlerle ilgili yapt\u0131\u011f\u0131 a\u00e7\u0131klamada, \u201cTak\u0131m\u0131m\u0131za kat\u0131lan futbolcular\u0131m\u0131za ba\u015far\u0131lar diliyoruz. \u0130kinci yar\u0131da t\u00fcm g\u00fcc\u00fcm\u00fczle sahada olaca\u011f\u0131z\u201d ifadelerini kulland\u0131.<\/p>\n<p>&#8220;Hedefimiz 9\u2019da 9&#8221;<br \/>\n<br \/>Asba\u015fkan Sad\u0131k Kaya, transfer \u00e7al\u0131\u015fmalar\u0131n\u0131 ve sezon hedeflerini de\u011ferlendirdi. Kaya, \u201c\u0130kinci yar\u0131ya \u00e7ok iyi haz\u0131rlan\u0131yoruz. Kadromuzu yapt\u0131\u011f\u0131m\u0131z takviyelerle daha da g\u00fc\u00e7lendirdik. Hedefimiz ikinci yar\u0131da oynayaca\u011f\u0131m\u0131z 9 ma\u00e7tan galibiyetle ayr\u0131larak ligi \u015fampiyon tamamlamak. Bunun i\u00e7in hem teknik ekibimiz hem de futbolcular\u0131m\u0131z gece g\u00fcnd\u00fcz \u00e7al\u0131\u015f\u0131yor\u201d dedi.<\/p>\n<p>Sad\u0131k Kaya, taraftarlara da seslenerek, \u201cHer zamanki gibi deste\u011finizi bekliyoruz. Hep birlikte bu m\u00fccadeleyi ba\u015far\u0131yla ta\u00e7land\u0131raca\u011f\u0131z\u201d diye konu\u015ftu.<br \/><\/p>\n","protected":false},"excerpt":{"rendered":"<p>Ayd\u0131n S\u00fcper Amat\u00f6r Lig\u2019in ikinci yar\u0131s\u0131 \u00f6ncesinde yapt\u0131\u011f\u0131 transferlerle kadrosunu g\u00fc\u00e7lendiren \u0130ncirliova Belediyespor\u2019un Asba\u015fkan\u0131 Sad\u0131k Kaya; &#8220;Hedefimiz ikinci yar\u0131da oynayaca\u011f\u0131m\u0131z 9 ma\u00e7tan galibiyetle ayr\u0131larak ligi \u015fampiyon tamamlamak&#8221; dedi. Ayd\u0131n S\u00fcper Amat\u00f6r Lig\u2019in ilk yar\u0131s\u0131n\u0131 22 puanla lider Ayd\u0131nspor\u2019un 2 puan gerisinde tamamlayan \u0130ncirliova Belediyespor, ligin ikinci yar\u0131s\u0131na iddial\u0131 bir ba\u015flang\u0131\u00e7 yapmaya haz\u0131rlan\u0131yor. Haz\u0131rl\u0131klar\u0131n\u0131 yo\u011fun tempoda&#8230;<\/p>\n","protected":false},"author":1,"featured_media":14058,"comment_status":"open","ping_status":"open","sticky":false,"template":"","format":"standard","meta":{"_crdt_document":"","footnotes":""},"categories":[4],"tags":[],"class_list":["post-14057","post","type-post","status-publish","format-standard","has-post-thumbnail","hentry","category-spor"],"_links":{"self":[{"href":"https:\/\/www.egemtv.com\/index.php?rest_route=\/wp\/v2\/posts\/14057","targetHints":{"allow":["GET"]}}],"collection":[{"href":"https:\/\/www.egemtv.com\/index.php?rest_route=\/wp\/v2\/posts"}],"about":[{"href":"https:\/\/www.egemtv.com\/index.php?rest_route=\/wp\/v2\/types\/post"}],"author":[{"embeddable":true,"href":"https:\/\/www.egemtv.com\/index.php?rest_route=\/wp\/v2\/users\/1"}],"replies":[{"embeddable":true,"href":"https:\/\/www.egemtv.com\/index.php?rest_route=%2Fwp%2Fv2%2Fcomments&post=14057"}],"version-history":[{"count":1,"href":"https:\/\/www.egemtv.com\/index.php?rest_route=\/wp\/v2\/posts\/14057\/revisions"}],"predecessor-version":[{"id":14059,"href":"https:\/\/www.egemtv.com\/index.php?rest_route=\/wp\/v2\/posts\/14057\/revisions\/14059"}],"wp:featuredmedia":[{"embeddable":true,"href":"https:\/\/www.egemtv.com\/index.php?rest_route=\/wp\/v2\/media\/14058"}],"wp:attachment":[{"href":"https:\/\/www.egemtv.com\/index.php?rest_route=%2Fwp%2Fv2%2Fmedia&parent=14057"}],"wp:term":[{"taxonomy":"category","embeddable":true,"href":"https:\/\/www.egemtv.com\/index.php?rest_route=%2Fwp%2Fv2%2Fcategories&post=14057"},{"taxonomy":"post_tag","embeddable":true,"href":"https:\/\/www.egemtv.com\/index.php?rest_route=%2Fwp%2Fv2%2Ftags&post=14057"}],"curies":[{"name":"wp","href":"https:\/\/api.w.org\/{rel}","templated":true}]}}