{"id":14054,"date":"2025-01-31T14:42:35","date_gmt":"2025-01-31T11:42:35","guid":{"rendered":"https:\/\/www.egemtv.com\/?p=14054"},"modified":"2025-01-31T14:42:40","modified_gmt":"2025-01-31T11:42:40","slug":"bodrumda-18-duzensiz-gocmen-yakalandi","status":"publish","type":"post","link":"https:\/\/www.egemtv.com\/?p=14054","title":{"rendered":"Bodrum\u2019da 18 d\u00fczensiz g\u00f6\u00e7men yakaland\u0131"},"content":{"rendered":"<p>Mu\u011fla\u2019n\u0131n Bodrum il\u00e7esinde polis ve sahil g\u00fcvenlik ekipleri taraf\u0131ndan d\u00fczenlenen operasyonda 18 g\u00f6\u00e7men yakaland\u0131.<\/p>\n<p>Edinilen bilgiye g\u00f6re, \u0130\u00e7meler mevkiinde bir grup d\u00fczensiz g\u00f6\u00e7menin denize \u00e7\u0131k\u0131\u015f haz\u0131rl\u0131\u011f\u0131nda oldu\u011fu bilgisini alan ekipler, harekete ge\u00e7ti. B\u00f6lgeye giden Sahil G\u00fcvenlik Kara Arac\u0131 (DEGAK-15 K. Arac\u0131) ve Bodrum \u0130l\u00e7e Emniyet M\u00fcd\u00fcrl\u00fc\u011f\u00fc ekipleri taraf\u0131ndan ormanl\u0131k alanda 4\u2019\u00fc \u00e7ocuk 14 d\u00fczensiz g\u00f6\u00e7men yakaland\u0131. Karaya \u00e7\u0131kar\u0131lan g\u00f6\u00e7menler, i\u015flemlerinin ard\u0131ndan Mu\u011fla \u0130l G\u00f6\u00e7 \u0130daresi M\u00fcd\u00fcrl\u00fc\u011f\u00fc\u2019ne g\u00f6nderildi.<br \/><\/p>\n","protected":false},"excerpt":{"rendered":"<p>Mu\u011fla\u2019n\u0131n Bodrum il\u00e7esinde polis ve sahil g\u00fcvenlik ekipleri taraf\u0131ndan d\u00fczenlenen operasyonda 18 g\u00f6\u00e7men yakaland\u0131. Edinilen bilgiye g\u00f6re, \u0130\u00e7meler mevkiinde bir grup d\u00fczensiz g\u00f6\u00e7menin denize \u00e7\u0131k\u0131\u015f haz\u0131rl\u0131\u011f\u0131nda oldu\u011fu bilgisini alan ekipler, harekete ge\u00e7ti. B\u00f6lgeye giden Sahil G\u00fcvenlik Kara Arac\u0131 (DEGAK-15 K. Arac\u0131) ve Bodrum \u0130l\u00e7e Emniyet M\u00fcd\u00fcrl\u00fc\u011f\u00fc ekipleri taraf\u0131ndan ormanl\u0131k alanda 4\u2019\u00fc \u00e7ocuk 14 d\u00fczensiz g\u00f6\u00e7men&#8230;<\/p>\n","protected":false},"author":1,"featured_media":14055,"comment_status":"open","ping_status":"open","sticky":false,"template":"","format":"standard","meta":{"_crdt_document":"","footnotes":""},"categories":[5],"tags":[],"class_list":["post-14054","post","type-post","status-publish","format-standard","has-post-thumbnail","hentry","category-asayis"],"_links":{"self":[{"href":"https:\/\/www.egemtv.com\/index.php?rest_route=\/wp\/v2\/posts\/14054","targetHints":{"allow":["GET"]}}],"collection":[{"href":"https:\/\/www.egemtv.com\/index.php?rest_route=\/wp\/v2\/posts"}],"about":[{"href":"https:\/\/www.egemtv.com\/index.php?rest_route=\/wp\/v2\/types\/post"}],"author":[{"embeddable":true,"href":"https:\/\/www.egemtv.com\/index.php?rest_route=\/wp\/v2\/users\/1"}],"replies":[{"embeddable":true,"href":"https:\/\/www.egemtv.com\/index.php?rest_route=%2Fwp%2Fv2%2Fcomments&post=14054"}],"version-history":[{"count":1,"href":"https:\/\/www.egemtv.com\/index.php?rest_route=\/wp\/v2\/posts\/14054\/revisions"}],"predecessor-version":[{"id":14056,"href":"https:\/\/www.egemtv.com\/index.php?rest_route=\/wp\/v2\/posts\/14054\/revisions\/14056"}],"wp:featuredmedia":[{"embeddable":true,"href":"https:\/\/www.egemtv.com\/index.php?rest_route=\/wp\/v2\/media\/14055"}],"wp:attachment":[{"href":"https:\/\/www.egemtv.com\/index.php?rest_route=%2Fwp%2Fv2%2Fmedia&parent=14054"}],"wp:term":[{"taxonomy":"category","embeddable":true,"href":"https:\/\/www.egemtv.com\/index.php?rest_route=%2Fwp%2Fv2%2Fcategories&post=14054"},{"taxonomy":"post_tag","embeddable":true,"href":"https:\/\/www.egemtv.com\/index.php?rest_route=%2Fwp%2Fv2%2Ftags&post=14054"}],"curies":[{"name":"wp","href":"https:\/\/api.w.org\/{rel}","templated":true}]}}