{"id":14048,"date":"2025-01-31T14:22:35","date_gmt":"2025-01-31T11:22:35","guid":{"rendered":"https:\/\/www.egemtv.com\/?p=14048"},"modified":"2025-01-31T14:22:40","modified_gmt":"2025-01-31T11:22:40","slug":"somali-guresci-turkiye-sampiyonasina-katilacak","status":"publish","type":"post","link":"https:\/\/www.egemtv.com\/?p=14048","title":{"rendered":"Somal\u0131 g\u00fcre\u015f\u00e7i T\u00fcrkiye \u015eampiyonas\u0131na kat\u0131lacak"},"content":{"rendered":"<p>Bilecik\u2019te d\u00fczenlenen 2024-2025 Okul Sporlar\u0131 Grekoromen G\u00fcre\u015f B Grup \u015eampiyonas\u0131, 210 sporcunun kat\u0131l\u0131m\u0131yla ger\u00e7ekle\u015ftirildi. Soma\u2019y\u0131 temsilen mindere \u00e7\u0131kan Nurullah Eli\u015f, 60 kg kategorisinde ikinci olarak madalya kazand\u0131. Bu ba\u015far\u0131s\u0131yla Eli\u015f, \u015fubat ay\u0131nda Tokat\u2019ta d\u00fczenlenecek T\u00fcrkiye \u015eampiyonas\u0131\u2019nda Soma\u2019y\u0131 temsil etmeye hak kazand\u0131.<br \/>\n<br \/>Soma G\u00fcre\u015f Antren\u00f6r\u00fc Semih Yaz\u0131c\u0131, \u201cNurullah, disiplinli \u00e7al\u0131\u015fmas\u0131 ve azmiyle b\u00fcy\u00fck bir gelecek vaat eden bir sporcu. Bilecik\u2019teki \u015fampiyonada \u00fcst\u00fcn bir performans sergileyerek T\u00fcrkiye \u015eampiyonas\u0131\u2019na kat\u0131lma hakk\u0131 kazand\u0131. Kendisine g\u00fcveniyoruz ve Tokat\u2019tan da madalya ile d\u00f6nece\u011fine inan\u0131yoruz\u201d dedi.<br \/>\n<br \/>Soma\u2019da g\u00fcre\u015f sporuna verilen \u00f6nemin artt\u0131\u011f\u0131n\u0131 belirten Yaz\u0131c\u0131, gen\u00e7 sporcular\u0131n desteklenmesi gerekti\u011fini vurgulad\u0131. Tokat\u2019ta Soma ad\u0131na m\u00fccadele edecek olan Nurullah Eli\u015f, \u015fampiyonluk hedefiyle haz\u0131rl\u0131klar\u0131n\u0131 s\u00fcrd\u00fcr\u00fcyor.<br \/>\n<br \/>Milli sporculuk yolunda emin ad\u0131mlarla ilerleyen gen\u00e7 g\u00fcre\u015f\u00e7i, gelece\u011fin ba\u015far\u0131l\u0131 sporcular\u0131 aras\u0131nda g\u00f6steriliyor.<br \/><\/p>\n","protected":false},"excerpt":{"rendered":"<p>Bilecik\u2019te d\u00fczenlenen 2024-2025 Okul Sporlar\u0131 Grekoromen G\u00fcre\u015f B Grup \u015eampiyonas\u0131, 210 sporcunun kat\u0131l\u0131m\u0131yla ger\u00e7ekle\u015ftirildi. Soma\u2019y\u0131 temsilen mindere \u00e7\u0131kan Nurullah Eli\u015f, 60 kg kategorisinde ikinci olarak madalya kazand\u0131. Bu ba\u015far\u0131s\u0131yla Eli\u015f, \u015fubat ay\u0131nda Tokat\u2019ta d\u00fczenlenecek T\u00fcrkiye \u015eampiyonas\u0131\u2019nda Soma\u2019y\u0131 temsil etmeye hak kazand\u0131. Soma G\u00fcre\u015f Antren\u00f6r\u00fc Semih Yaz\u0131c\u0131, \u201cNurullah, disiplinli \u00e7al\u0131\u015fmas\u0131 ve azmiyle b\u00fcy\u00fck bir gelecek vaat&#8230;<\/p>\n","protected":false},"author":1,"featured_media":14049,"comment_status":"open","ping_status":"open","sticky":false,"template":"","format":"standard","meta":{"_crdt_document":"","footnotes":""},"categories":[4],"tags":[],"class_list":["post-14048","post","type-post","status-publish","format-standard","has-post-thumbnail","hentry","category-spor"],"_links":{"self":[{"href":"https:\/\/www.egemtv.com\/index.php?rest_route=\/wp\/v2\/posts\/14048","targetHints":{"allow":["GET"]}}],"collection":[{"href":"https:\/\/www.egemtv.com\/index.php?rest_route=\/wp\/v2\/posts"}],"about":[{"href":"https:\/\/www.egemtv.com\/index.php?rest_route=\/wp\/v2\/types\/post"}],"author":[{"embeddable":true,"href":"https:\/\/www.egemtv.com\/index.php?rest_route=\/wp\/v2\/users\/1"}],"replies":[{"embeddable":true,"href":"https:\/\/www.egemtv.com\/index.php?rest_route=%2Fwp%2Fv2%2Fcomments&post=14048"}],"version-history":[{"count":1,"href":"https:\/\/www.egemtv.com\/index.php?rest_route=\/wp\/v2\/posts\/14048\/revisions"}],"predecessor-version":[{"id":14050,"href":"https:\/\/www.egemtv.com\/index.php?rest_route=\/wp\/v2\/posts\/14048\/revisions\/14050"}],"wp:featuredmedia":[{"embeddable":true,"href":"https:\/\/www.egemtv.com\/index.php?rest_route=\/wp\/v2\/media\/14049"}],"wp:attachment":[{"href":"https:\/\/www.egemtv.com\/index.php?rest_route=%2Fwp%2Fv2%2Fmedia&parent=14048"}],"wp:term":[{"taxonomy":"category","embeddable":true,"href":"https:\/\/www.egemtv.com\/index.php?rest_route=%2Fwp%2Fv2%2Fcategories&post=14048"},{"taxonomy":"post_tag","embeddable":true,"href":"https:\/\/www.egemtv.com\/index.php?rest_route=%2Fwp%2Fv2%2Ftags&post=14048"}],"curies":[{"name":"wp","href":"https:\/\/api.w.org\/{rel}","templated":true}]}}