{"id":14045,"date":"2025-01-31T13:44:39","date_gmt":"2025-01-31T10:44:39","guid":{"rendered":"https:\/\/www.egemtv.com\/?p=14045"},"modified":"2025-01-31T13:44:44","modified_gmt":"2025-01-31T10:44:44","slug":"manisa-buyuksehir-belediyesinden-yesil-yolda-trafik-denetimi","status":"publish","type":"post","link":"https:\/\/www.egemtv.com\/?p=14045","title":{"rendered":"Manisa B\u00fcy\u00fck\u015fehir Belediyesinden ye\u015fil yolda trafik denetimi"},"content":{"rendered":"<p>Ortak ak\u0131l ve kat\u0131l\u0131mc\u0131 y\u00f6netim anlay\u0131\u015f\u0131yla \u00e7al\u0131\u015fmalar\u0131n\u0131 s\u00fcrd\u00fcren Manisa B\u00fcy\u00fck\u015fehir Belediyesi, halk\u0131n karar\u0131yla k\u0131rm\u0131z\u0131 yolu ye\u015fil yola d\u00f6n\u00fc\u015ft\u00fcrerek \u00f6zel ara\u00e7 trafi\u011fine a\u00e7t\u0131\u011f\u0131 b\u00f6lgede, g\u00fcvenli\u011fi sa\u011flamak i\u00e7in denetimlerini aral\u0131ks\u0131z s\u00fcrd\u00fcr\u00fcyor.<br \/>\n<br \/>A\u011f\u0131r tonajl\u0131 ara\u00e7lar\u0131n ve servislerin giri\u015finin yasak oldu\u011fu ye\u015fil yolda, Manisal\u0131lar\u0131n yeni trafik d\u00fczenine al\u0131\u015fmas\u0131 i\u00e7in bir ay boyunca g\u00fcn boyu kontroller yap\u0131lacak.<br \/>\n<br \/>Manisa B\u00fcy\u00fck\u015fehir Belediyesi Trafik Zab\u0131ta Ekipleri, yapt\u0131klar\u0131 denetimlerle ara\u00e7 ak\u0131\u015f\u0131n\u0131 d\u00fczenlerken otob\u00fcs duraklar\u0131n\u0131 da mercek alt\u0131na al\u0131yor. Manisa\u2019n\u0131n yeni yol d\u00fczenine h\u0131zla uyum sa\u011flamas\u0131 i\u00e7in herkesin kurallara uymas\u0131 ise b\u00fcy\u00fck \u00f6nem ta\u015f\u0131yor. Ye\u015fil yolu, toplu ta\u015f\u0131ma ara\u00e7lar\u0131 ile binek ve hafif ticari ara\u00e7lar\u0131n kullanabilece\u011fini belirten Trafik Zab\u0131ta Personeli Ece Atak, \u201c27 Ocak Pazartesi g\u00fcn\u00fcnden itibaren ye\u015fil yol vatanda\u015flar\u0131m\u0131za a\u00e7\u0131lm\u0131\u015f durumda. Biz de o g\u00fcnden itibaren duraklar\u0131m\u0131zda g\u00f6rev yap\u0131yoruz. Ye\u015fil yola, y\u00fcksek tonajl\u0131 ara\u00e7lar\u0131m\u0131z\u0131n giri\u015f yapmas\u0131, servislerimizin giri\u015f yapmas\u0131 yasak. Sadece binek ara\u00e7lar\u0131m\u0131z ve hafif ticari ara\u00e7lar\u0131m\u0131z ye\u015fil yolumuzu kullanabiliyor. Duraklama ve parklanma yap\u0131lmas\u0131 da yasak. Gidi\u015f ve geli\u015f olarak yollar\u0131m\u0131z\u0131 kullanabilirsiniz. Duraklarda denetimlerimizi s\u00fcrd\u00fcr\u00fcyoruz ve yeni d\u00fczenlemeye halk\u0131m\u0131z\u0131n al\u0131\u015fma s\u00fcrecinde aksakl\u0131k ya\u015fanmamas\u0131 i\u00e7in g\u00f6revimizin ba\u015f\u0131nday\u0131z. Sadece denetleme yapm\u0131yoruz, halk\u0131m\u0131z\u0131n g\u00f6r\u00fc\u015flerini de dinliyoruz. Halk\u0131m\u0131z anketle bu karar\u0131 verdi ve durumdan gayet mutlu\u201d dedi.<br \/>\n<br \/>Motosikletli Trafik Zab\u0131ta Personeli Fevzi D\u00fckar ise \u201cManisal\u0131lar\u0131n yeni d\u00fczenlemeye al\u0131\u015fma s\u00fcresi boyunca denetimlerimize ekiplerimizle s\u0131k\u0131 bir \u015fekilde devam ediyoruz. Ye\u015fil yol, hepimize hay\u0131rl\u0131 u\u011furlu olsun\u201d ifadelerini kulland\u0131.<\/p>\n<p>\u201cYe\u015fil yolun d\u00fczeni i\u00e7in hep birlikte \u00f6zen g\u00f6stermeliyiz\u201d<br \/>\n<br \/>Manisa B\u00fcy\u00fck\u015fehir Belediye Ba\u015fkan\u0131 Ferdi Zeyrek, Manisa\u2019da ortak akl\u0131 esas alan, halk\u0131n s\u00f6z sahibi oldu\u011fu bir y\u00f6netim anlay\u0131\u015f\u0131yla \u00e7al\u0131\u015fmalar\u0131n\u0131 s\u00fcrd\u00fcrd\u00fcklerini hat\u0131rlatarak, \u201cYe\u015fil Yol bunun en somut \u00f6rneklerinden biri. Manisal\u0131lar yolun trafi\u011fe a\u00e7\u0131lmas\u0131n\u0131 istedi, biz de bu karar\u0131 hayata ge\u00e7irdik. Ancak burada \u00f6nemli olan trafik d\u00fczeninin sa\u011flanmas\u0131 ve halk\u0131m\u0131z\u0131n g\u00fcvenli \u015fekilde bu yolu kullanabilmesi. Bu nedenle trafik zab\u0131ta ekiplerimiz ilk g\u00fcnden itibaren sahada ve vatanda\u015flar\u0131m\u0131z\u0131n yan\u0131nda. Bizim amac\u0131m\u0131z, Manisa\u2019n\u0131n ula\u015f\u0131m\u0131n\u0131 daha g\u00fcvenli ve daha konforlu hale getirmek\u201d dedi.<br \/>\n<br \/>Ba\u015fkan Zeyrek, trafik ak\u0131\u015f\u0131n\u0131n sorunsuz sa\u011flanmas\u0131 i\u00e7in yurtta\u015flara kurallara uyma \u00e7a\u011fr\u0131s\u0131nda da bulunarak, \u201cEkiplerimiz sahada olacak, vatanda\u015flar\u0131m\u0131z\u0131n taleplerini dinleyecek ve her t\u00fcrl\u00fc aksakl\u0131\u011f\u0131 gidermek i\u00e7in \u00e7al\u0131\u015fmalar\u0131n\u0131 s\u00fcrd\u00fcrecek. Ancak bu d\u00fczenin s\u00fcrd\u00fcr\u00fclebilir olmas\u0131 i\u00e7in en b\u00fcy\u00fck g\u00f6rev yine halk\u0131m\u0131za d\u00fc\u015f\u00fcyor. Ye\u015fil yolun belirlenen kurallar \u00e7er\u00e7evesinde en iyi \u015fekilde kullan\u0131lmas\u0131 i\u00e7in hep birlikte \u00f6zen g\u00f6stermeliyiz\u201d diye konu\u015ftu.<br \/><\/p>\n","protected":false},"excerpt":{"rendered":"<p>Ortak ak\u0131l ve kat\u0131l\u0131mc\u0131 y\u00f6netim anlay\u0131\u015f\u0131yla \u00e7al\u0131\u015fmalar\u0131n\u0131 s\u00fcrd\u00fcren Manisa B\u00fcy\u00fck\u015fehir Belediyesi, halk\u0131n karar\u0131yla k\u0131rm\u0131z\u0131 yolu ye\u015fil yola d\u00f6n\u00fc\u015ft\u00fcrerek \u00f6zel ara\u00e7 trafi\u011fine a\u00e7t\u0131\u011f\u0131 b\u00f6lgede, g\u00fcvenli\u011fi sa\u011flamak i\u00e7in denetimlerini aral\u0131ks\u0131z s\u00fcrd\u00fcr\u00fcyor. A\u011f\u0131r tonajl\u0131 ara\u00e7lar\u0131n ve servislerin giri\u015finin yasak oldu\u011fu ye\u015fil yolda, Manisal\u0131lar\u0131n yeni trafik d\u00fczenine al\u0131\u015fmas\u0131 i\u00e7in bir ay boyunca g\u00fcn boyu kontroller yap\u0131lacak. Manisa B\u00fcy\u00fck\u015fehir Belediyesi&#8230;<\/p>\n","protected":false},"author":1,"featured_media":14046,"comment_status":"open","ping_status":"open","sticky":false,"template":"","format":"standard","meta":{"_crdt_document":"","footnotes":""},"categories":[5],"tags":[],"class_list":["post-14045","post","type-post","status-publish","format-standard","has-post-thumbnail","hentry","category-asayis"],"_links":{"self":[{"href":"https:\/\/www.egemtv.com\/index.php?rest_route=\/wp\/v2\/posts\/14045","targetHints":{"allow":["GET"]}}],"collection":[{"href":"https:\/\/www.egemtv.com\/index.php?rest_route=\/wp\/v2\/posts"}],"about":[{"href":"https:\/\/www.egemtv.com\/index.php?rest_route=\/wp\/v2\/types\/post"}],"author":[{"embeddable":true,"href":"https:\/\/www.egemtv.com\/index.php?rest_route=\/wp\/v2\/users\/1"}],"replies":[{"embeddable":true,"href":"https:\/\/www.egemtv.com\/index.php?rest_route=%2Fwp%2Fv2%2Fcomments&post=14045"}],"version-history":[{"count":1,"href":"https:\/\/www.egemtv.com\/index.php?rest_route=\/wp\/v2\/posts\/14045\/revisions"}],"predecessor-version":[{"id":14047,"href":"https:\/\/www.egemtv.com\/index.php?rest_route=\/wp\/v2\/posts\/14045\/revisions\/14047"}],"wp:featuredmedia":[{"embeddable":true,"href":"https:\/\/www.egemtv.com\/index.php?rest_route=\/wp\/v2\/media\/14046"}],"wp:attachment":[{"href":"https:\/\/www.egemtv.com\/index.php?rest_route=%2Fwp%2Fv2%2Fmedia&parent=14045"}],"wp:term":[{"taxonomy":"category","embeddable":true,"href":"https:\/\/www.egemtv.com\/index.php?rest_route=%2Fwp%2Fv2%2Fcategories&post=14045"},{"taxonomy":"post_tag","embeddable":true,"href":"https:\/\/www.egemtv.com\/index.php?rest_route=%2Fwp%2Fv2%2Ftags&post=14045"}],"curies":[{"name":"wp","href":"https:\/\/api.w.org\/{rel}","templated":true}]}}