{"id":14042,"date":"2025-01-31T13:44:34","date_gmt":"2025-01-31T10:44:34","guid":{"rendered":"https:\/\/www.egemtv.com\/?p=14042"},"modified":"2025-01-31T13:44:39","modified_gmt":"2025-01-31T10:44:39","slug":"yunusemre-kent-konseyi-olagan-genel-kurulu-toplantisi-yapildi","status":"publish","type":"post","link":"https:\/\/www.egemtv.com\/?p=14042","title":{"rendered":"Yunusemre Kent Konseyi ola\u011fan genel kurulu toplant\u0131s\u0131 yap\u0131ld\u0131"},"content":{"rendered":"<p>Yunusemre Kent Konseyi 2025 y\u0131l\u0131 Ocak Ay\u0131 Ola\u011fan Genel Kurul Toplant\u0131s\u0131 Yunus Emre Millet \u00c7ar\u015f\u0131s\u0131\u2019nda yap\u0131ld\u0131.<br \/>\n<br \/>Yunusemre Kent Konseyi 2025 y\u0131l\u0131 Ocak Ay\u0131 Ola\u011fan Genel Kurul Toplant\u0131s\u0131 ger\u00e7ekle\u015ftirildi. Yunus Emre Millet \u00c7ar\u015f\u0131s\u0131 Etkinlik Salonu\u2019nda yap\u0131lan toplant\u0131ya Yunusemre Belediye Ba\u015fkan\u0131 Semih Balaban, Belediye Ba\u015fkan Yard\u0131mc\u0131lar\u0131 Ali Kuyumcu ve Emine \u00d6zge Arslan, Mehmet Mesut Do\u011fan, Manisa Kent Konseyi Ba\u015fkan\u0131 Hakk\u0131 Bayraktar, Yunusemre Kent Konseyi Ba\u015fkan\u0131 Bekta\u015f K\u0131l\u0131n\u00e7 ve y\u00fcr\u00fctme kurulu \u00fcyeleri, meclis \u00fcyeleri, CHP \u0130l Kad\u0131n Kollar\u0131 Ba\u015fkan\u0131 G\u00fclbahar Tahmilci ve partililer, muhtarlar, sivil toplum \u00f6rg\u00fct\u00fc temsilcileri ve vatanda\u015flar kat\u0131ld\u0131. Genel Kurul toplant\u0131s\u0131nda, mahalle meclisleri, gen\u00e7lik ve \u00e7ocuk meclisleri ile engelli meclislerine ili\u015fkin \u00f6nemli konular ele al\u0131nd\u0131, 2025 y\u0131l\u0131 faaliyet takvimi de g\u00f6r\u00fc\u015f\u00fclerek karara ba\u011fland\u0131.<\/p>\n<p>&#8220;Bu t\u00fcr kurumlar zenginliktir&#8221;<br \/>\n<br \/>Toplant\u0131da kat\u0131l\u0131mc\u0131lara seslenen Belediye Ba\u015fkan\u0131 Semih Balaban kent konseylerin \u00f6nemine dikkat \u00e7ekerek \u015funlar\u0131 s\u00f6yledi: \u201c16 mahallede mahalle meclislerimizi kurduk. Muhtarlar\u0131m\u0131z\u0131n \u00f6nc\u00fcl\u00fc\u011f\u00fcnde kent konseylerimizde mahalle meclisleri \u00e7al\u0131\u015fmalar\u0131n\u0131 s\u00fcrd\u00fcr\u00fcyor. Bizler Manisa B\u00fcy\u00fck\u015fehir Belediyesi ile i\u015f birli\u011fi ile belediyemizin imkanlar\u0131 dahilinde \u00e7\u00f6z\u00fcm \u00fcretmek i\u00e7in  \u00e7al\u0131\u015fmalarda bulunaca\u011f\u0131z. Kent konseylerinin halk\u0131n do\u011frudan sesi olmas\u0131ndan yanay\u0131z. Bu meclislerimizde kent konseyimizde de\u011fi\u015fik siyasi partilerden insanlar\u0131m\u0131z\u0131n olmas\u0131 bizler i\u00e7in \u00e7ok \u00f6nemli. Bu bir zenginliktir. Bu zenginli\u011fi de\u011ferlendirece\u011fiz.\u201d<\/p>\n<p>&#8220;Kent konseyleri halk\u0131n sesidir&#8221;<br \/>\n<br \/>Yunusemre Kent Konseyi Ba\u015fkan\u0131 Bekta\u015f K\u0131l\u0131n\u00e7 ise konu\u015fmas\u0131nda \u015fu ifadelere yer verdi: \u201cKent Konseyleri halk\u0131n sesidir. Demokrasinin \u00f6nemli unsurlar\u0131ndan biri de halk\u0131n y\u00f6netime kat\u0131l\u0131m\u0131n\u0131n sa\u011flanmas\u0131d\u0131r. El birli\u011fi ile Yunusemremizi daha g\u00fczel bir kent yapmak i\u00e7in \u00e7al\u0131\u015faca\u011f\u0131z. Sevginin ve huzurun kenti Yunusemre olacakt\u0131r.\u201d<br \/><\/p>\n","protected":false},"excerpt":{"rendered":"<p>Yunusemre Kent Konseyi 2025 y\u0131l\u0131 Ocak Ay\u0131 Ola\u011fan Genel Kurul Toplant\u0131s\u0131 Yunus Emre Millet \u00c7ar\u015f\u0131s\u0131\u2019nda yap\u0131ld\u0131. Yunusemre Kent Konseyi 2025 y\u0131l\u0131 Ocak Ay\u0131 Ola\u011fan Genel Kurul Toplant\u0131s\u0131 ger\u00e7ekle\u015ftirildi. Yunus Emre Millet \u00c7ar\u015f\u0131s\u0131 Etkinlik Salonu\u2019nda yap\u0131lan toplant\u0131ya Yunusemre Belediye Ba\u015fkan\u0131 Semih Balaban, Belediye Ba\u015fkan Yard\u0131mc\u0131lar\u0131 Ali Kuyumcu ve Emine \u00d6zge Arslan, Mehmet Mesut Do\u011fan, Manisa Kent&#8230;<\/p>\n","protected":false},"author":1,"featured_media":14043,"comment_status":"open","ping_status":"open","sticky":false,"template":"","format":"standard","meta":{"_crdt_document":"","footnotes":""},"categories":[1],"tags":[],"class_list":["post-14042","post","type-post","status-publish","format-standard","has-post-thumbnail","hentry","category-guncel"],"_links":{"self":[{"href":"https:\/\/www.egemtv.com\/index.php?rest_route=\/wp\/v2\/posts\/14042","targetHints":{"allow":["GET"]}}],"collection":[{"href":"https:\/\/www.egemtv.com\/index.php?rest_route=\/wp\/v2\/posts"}],"about":[{"href":"https:\/\/www.egemtv.com\/index.php?rest_route=\/wp\/v2\/types\/post"}],"author":[{"embeddable":true,"href":"https:\/\/www.egemtv.com\/index.php?rest_route=\/wp\/v2\/users\/1"}],"replies":[{"embeddable":true,"href":"https:\/\/www.egemtv.com\/index.php?rest_route=%2Fwp%2Fv2%2Fcomments&post=14042"}],"version-history":[{"count":1,"href":"https:\/\/www.egemtv.com\/index.php?rest_route=\/wp\/v2\/posts\/14042\/revisions"}],"predecessor-version":[{"id":14044,"href":"https:\/\/www.egemtv.com\/index.php?rest_route=\/wp\/v2\/posts\/14042\/revisions\/14044"}],"wp:featuredmedia":[{"embeddable":true,"href":"https:\/\/www.egemtv.com\/index.php?rest_route=\/wp\/v2\/media\/14043"}],"wp:attachment":[{"href":"https:\/\/www.egemtv.com\/index.php?rest_route=%2Fwp%2Fv2%2Fmedia&parent=14042"}],"wp:term":[{"taxonomy":"category","embeddable":true,"href":"https:\/\/www.egemtv.com\/index.php?rest_route=%2Fwp%2Fv2%2Fcategories&post=14042"},{"taxonomy":"post_tag","embeddable":true,"href":"https:\/\/www.egemtv.com\/index.php?rest_route=%2Fwp%2Fv2%2Ftags&post=14042"}],"curies":[{"name":"wp","href":"https:\/\/api.w.org\/{rel}","templated":true}]}}