{"id":14039,"date":"2025-01-31T13:40:59","date_gmt":"2025-01-31T10:40:59","guid":{"rendered":"https:\/\/www.egemtv.com\/?p=14039"},"modified":"2025-01-31T13:41:04","modified_gmt":"2025-01-31T10:41:04","slug":"manisa-buyuksehir-ve-mcbusemden-is-birligi-protokolu","status":"publish","type":"post","link":"https:\/\/www.egemtv.com\/?p=14039","title":{"rendered":"Manisa B\u00fcy\u00fck\u015fehir ve MCB\u00dcSEM\u2019den i\u015f birli\u011fi protokol\u00fc"},"content":{"rendered":"<p>Manisa B\u00fcy\u00fck\u015fehir Belediyesi ile Manisa Celal Bayar \u00dcniversitesi S\u00fcrekli E\u011fitim Uygulama ve Ara\u015ft\u0131rma Merkezi (MCB\u00dcSEM) aras\u0131nda e\u011fitim, k\u00fclt\u00fcr, sanat ve ara\u015ft\u0131rma-geli\u015ftirme alanlar\u0131nda ortak \u00e7al\u0131\u015fmalar y\u00fcr\u00fctmek amac\u0131yla i\u015f birli\u011fi protokol\u00fc imzaland\u0131. Taraflar, elde edilen bilimsel ve akademik \u00e7\u0131kt\u0131lar\u0131 payla\u015farak kamu yarar\u0131na sunmak i\u00e7in de \u00e7al\u0131\u015fma y\u00fcr\u00fctecek.<br \/>\n<br \/>Manisal\u0131lar\u0131n ve \u00e7al\u0131\u015fanlar\u0131n\u0131n, mesleki ve ki\u015fisel geli\u015fimlerine katk\u0131 sa\u011flamak ad\u0131na \u00e7e\u015fitli projeler hayata ge\u00e7iren Manisa B\u00fcy\u00fck\u015fehir Belediyesi, e\u011fitim ve akademik geli\u015fime verdi\u011fi \u00f6nemin bir g\u00f6stergesi olarak MCB\u00dcSEM ile \u00f6nemli bir i\u015f birli\u011fi anla\u015fmas\u0131na imza att\u0131.<br \/>\n<br \/>Celal Bayar \u00dcniversitesi \u015eehit Prof. Dr. \u0130lhan Varank Yerle\u015fkesi\u2019nde ger\u00e7ekle\u015ftiren ve bir\u00e7ok konuda i\u015f birli\u011fine gidilmesi i\u00e7in imzalar\u0131n at\u0131ld\u0131\u011f\u0131 protokol t\u00f6renine; Manisa B\u00fcy\u00fck\u015fehir Belediyesi Genel Sekreteri Burak Deste, Genel Sekreter Yard\u0131mc\u0131s\u0131 Ali K\u0131l\u0131\u00e7, Ba\u015fkan Dan\u0131\u015fman\u0131 Hale Kuzucu, MCB\u00dcSEM M\u00fcd\u00fcr\u00fc Dr. \u00d6\u011fretim \u00dcyesi Cenk Yolda\u015f ve M\u00fcd\u00fcr Yard\u0131mc\u0131s\u0131 \u00d6\u011fretim G\u00f6revlisi Dr. H\u00fcsem Korkmaz kat\u0131ld\u0131.<br \/>\n<br \/>Genel Sekreter Burak Deste, protokol ile Manisa B\u00fcy\u00fck\u015fehir Belediyesi\u2019nin deneyimi ile Celal Bayar \u00dcniversitesi\u2019nin bilgi ve tecr\u00fcbelerini bir araya getirerek kente katk\u0131 sa\u011flamay\u0131 hedeflediklerini s\u00f6yledi. Deste, \u201cE\u011fitim, \u00f6\u011fretim, k\u00fclt\u00fcr ve sanat alanlar\u0131nda ne gibi projeler geli\u015ftirebiliriz, \u00f6\u011fretim elemanlar\u0131 ile belediye \u00e7al\u0131\u015fanlar\u0131n\u0131n tecr\u00fcbelerini nas\u0131l her iki kuruma da kazand\u0131rabiliriz, bunlar\u0131 nas\u0131l Manisa\u2019ya de\u011fer olarak d\u00f6n\u00fc\u015ft\u00fcrebiliriz, bunlar\u0131 ele ald\u0131k. Manisa B\u00fcy\u00fck\u015fehir Belediyesi olarak e\u011fitime ve akademik i\u015f birliklerine her zaman \u00f6nem veriyoruz. Bu protokol\u00fcn Manisa\u2019m\u0131za, belediyemize ve \u00fcniversitemize hay\u0131rl\u0131 olmas\u0131n\u0131 diliyorum\u201d diye konu\u015ftu.<\/p>\n<p>\u201c\u00dcniversitemizin \u015fehirle b\u00fct\u00fcnle\u015fmesi bizi mutlu ediyor\u201d<br \/>\n<br \/>MCB\u00dcSEM M\u00fcd\u00fcr\u00fc Dr. \u00d6\u011fretim \u00dcyesi Cenk Yolda\u015f da Deste\u2019ye te\u015fekk\u00fcr ederek, \u00fcniversitenin \u015fehirle bulu\u015fmas\u0131n\u0131 sa\u011flamak hedefiyle hareket ettiklerini vurgulad\u0131. Yolda\u015f, \u201cS\u00fcrekli E\u011fitim Uygulama ve Ara\u015ft\u0131rma Merkezi olarak, \u00fcniversitemizin t\u00fcm e\u011fitmen ve akademisyenlerini \u015fehirle bulu\u015fturmak bizi \u00e7ok mutlu ediyor. Katk\u0131lar\u0131 ve destekleri i\u00e7in B\u00fcy\u00fck\u015fehir Belediyesi\u2019ne \u00e7ok te\u015fekk\u00fcr ediyorum\u201d dedi.<br \/>\n<br \/>Taraflar, elde edilen bilimsel ve akademik \u00e7\u0131kt\u0131lar\u0131 payla\u015farak kamu yarar\u0131na sunmak i\u00e7in de \u00e7al\u0131\u015fma y\u00fcr\u00fctecek ve bu do\u011frultuda, \u015fehrin sosyal, ekonomik ve k\u00fclt\u00fcrel geli\u015fimine katk\u0131 sa\u011flamak ad\u0131na ortak projeler geli\u015ftirecek. Ortak \u00e7al\u0131\u015fmalar sonucunda, bilimsel ara\u015ft\u0131rmalar\u0131 somut uygulamalara d\u00f6n\u00fc\u015ft\u00fcrerek toplumun her kesimine fayda sa\u011flayacak \u00e7al\u0131\u015fmalar ger\u00e7ekle\u015ftirilmesi ama\u00e7lan\u0131yor.<br \/><\/p>\n","protected":false},"excerpt":{"rendered":"<p>Manisa B\u00fcy\u00fck\u015fehir Belediyesi ile Manisa Celal Bayar \u00dcniversitesi S\u00fcrekli E\u011fitim Uygulama ve Ara\u015ft\u0131rma Merkezi (MCB\u00dcSEM) aras\u0131nda e\u011fitim, k\u00fclt\u00fcr, sanat ve ara\u015ft\u0131rma-geli\u015ftirme alanlar\u0131nda ortak \u00e7al\u0131\u015fmalar y\u00fcr\u00fctmek amac\u0131yla i\u015f birli\u011fi protokol\u00fc imzaland\u0131. Taraflar, elde edilen bilimsel ve akademik \u00e7\u0131kt\u0131lar\u0131 payla\u015farak kamu yarar\u0131na sunmak i\u00e7in de \u00e7al\u0131\u015fma y\u00fcr\u00fctecek. Manisal\u0131lar\u0131n ve \u00e7al\u0131\u015fanlar\u0131n\u0131n, mesleki ve ki\u015fisel geli\u015fimlerine katk\u0131 sa\u011flamak ad\u0131na&#8230;<\/p>\n","protected":false},"author":1,"featured_media":14040,"comment_status":"open","ping_status":"open","sticky":false,"template":"","format":"standard","meta":{"_crdt_document":"","footnotes":""},"categories":[1],"tags":[],"class_list":["post-14039","post","type-post","status-publish","format-standard","has-post-thumbnail","hentry","category-guncel"],"_links":{"self":[{"href":"https:\/\/www.egemtv.com\/index.php?rest_route=\/wp\/v2\/posts\/14039","targetHints":{"allow":["GET"]}}],"collection":[{"href":"https:\/\/www.egemtv.com\/index.php?rest_route=\/wp\/v2\/posts"}],"about":[{"href":"https:\/\/www.egemtv.com\/index.php?rest_route=\/wp\/v2\/types\/post"}],"author":[{"embeddable":true,"href":"https:\/\/www.egemtv.com\/index.php?rest_route=\/wp\/v2\/users\/1"}],"replies":[{"embeddable":true,"href":"https:\/\/www.egemtv.com\/index.php?rest_route=%2Fwp%2Fv2%2Fcomments&post=14039"}],"version-history":[{"count":1,"href":"https:\/\/www.egemtv.com\/index.php?rest_route=\/wp\/v2\/posts\/14039\/revisions"}],"predecessor-version":[{"id":14041,"href":"https:\/\/www.egemtv.com\/index.php?rest_route=\/wp\/v2\/posts\/14039\/revisions\/14041"}],"wp:featuredmedia":[{"embeddable":true,"href":"https:\/\/www.egemtv.com\/index.php?rest_route=\/wp\/v2\/media\/14040"}],"wp:attachment":[{"href":"https:\/\/www.egemtv.com\/index.php?rest_route=%2Fwp%2Fv2%2Fmedia&parent=14039"}],"wp:term":[{"taxonomy":"category","embeddable":true,"href":"https:\/\/www.egemtv.com\/index.php?rest_route=%2Fwp%2Fv2%2Fcategories&post=14039"},{"taxonomy":"post_tag","embeddable":true,"href":"https:\/\/www.egemtv.com\/index.php?rest_route=%2Fwp%2Fv2%2Ftags&post=14039"}],"curies":[{"name":"wp","href":"https:\/\/api.w.org\/{rel}","templated":true}]}}