{"id":14036,"date":"2025-01-31T13:18:54","date_gmt":"2025-01-31T10:18:54","guid":{"rendered":"https:\/\/www.egemtv.com\/?p=14036"},"modified":"2025-01-31T13:18:59","modified_gmt":"2025-01-31T10:18:59","slug":"baskan-ozkan-izmirde-taksi-ulasiminda-zam-yok","status":"publish","type":"post","link":"https:\/\/www.egemtv.com\/?p=14036","title":{"rendered":"Ba\u015fkan \u00d6zkan: &#8220;\u0130zmir\u2019de taksi ula\u015f\u0131m\u0131nda zam yok&#8221;"},"content":{"rendered":"<p>\u0130zmir \u015eof\u00f6rler ve Otomobilciler Esnaf Odas\u0131 Ba\u015fkan\u0131 Erkan \u00d6zkan, \u201cTaksimetre \u00fccretlerinde \u015fu an i\u00e7in bir zam s\u00f6z konusu de\u011fil. \u0130leriki d\u00f6nemde e\u011fer ihtiya\u00e7 olursa fiyat ayarlamas\u0131na gidebiliriz\u201d dedi.<br \/>\n<br \/>2025 y\u0131l\u0131na girilmesiyle birlikte ak\u0131llarda \u2018\u0130zmir\u2019de taksimetre \u00fccretlerine zam yap\u0131lacak m\u0131?\u2019 sorusu olu\u015ftu. \u0130zmir \u015eof\u00f6rler ve Otomobilciler Esnaf Odas\u0131 Ba\u015fkan\u0131 Erkan \u00d6zkan, konuya dair a\u00e7\u0131klamalarda bulundu. Her y\u0131l ba\u015f\u0131nda devlet taraf\u0131ndan belirlenen art\u0131\u015f oranlar\u0131n\u0131n oldu\u011funu ve bu durumun b\u00fct\u00fcn esnaf\u0131n girdilerine yans\u0131d\u0131\u011f\u0131n\u0131 s\u00f6yleyen Ba\u015fkan \u00d6zkan, \u201cBu sene y\u00fczde 50\u2019nin \u00fczerinde bir yeniden de\u011ferleme oran\u0131 yap\u0131ld\u0131. Trafik cezalar\u0131, har\u00e7lar, vergiler artt\u0131. Bizim de bu y\u00fcklerin alt\u0131ndan kalkabilmemiz i\u00e7in fiyatlarda ayarlamaya gitmek zorunday\u0131z. Fakat \u015fu an i\u00e7in bir zam s\u00f6z konusu de\u011fil. Direnebildi\u011fimiz kadar direnece\u011fiz. E\u011fer ihtiya\u00e7 olursa fiyat ayarlamas\u0131na gidece\u011fiz\u201d diye konu\u015ftu.<\/p>\n<p>\u201cKorsanla m\u00fccadelemiz devam edecek\u201d<br \/>\n<br \/>\u0130stanbul\u2019da bir firmayla ilgili g\u00f6r\u00fclen davan\u0131n seyrinden de bahseden Ba\u015fkan \u00d6zkan, \u201cBu dava daha \u00f6nceden a\u00e7\u0131lm\u0131\u015ft\u0131. \u0130stanbul 14\u2019\u00fcnc\u00fc Asliye Ticaret Mahkemesinin vermi\u015f oldu\u011fu bir karar. \u0130stinaftan esastan de\u011fil usulden dolay\u0131 geri d\u00f6nd\u00fc. Biz de \u0130zmir \u015eof\u00f6rler Odas\u0131 olarak davaya m\u00fcdahil olma karar\u0131 verdik. Mahkeme de bunu kabul etti. Ge\u00e7ti\u011fimiz ay i\u00e7erisinde davaya kat\u0131ld\u0131k. Baz\u0131 eksikliklerin tespit edilmesinden dolay\u0131 yeni bilir ki\u015filer atand\u0131. Dava 21 Mart\u2019ta tekrar g\u00f6r\u00fc\u015f\u00fclecek. S\u00f6z konusu firman\u0131n yetkilisi, kendisini \u015firketin sahibi gibi lanse ediyordu. Bu ki\u015finin \u015firketle bir ba\u011f\u0131n\u0131n olmad\u0131\u011f\u0131n\u0131, yan ba\u011flar\u0131n\u0131n oldu\u011funu ispatlatt\u0131k. M\u00fccadelemiz devam edecek\u201d a\u00e7\u0131klamalar\u0131nda bulundu.<br \/>\n<br \/>\u0130zmir Emniyet M\u00fcd\u00fcrl\u00fc\u011f\u00fcn\u00fcn, T\u00fcrkiye\u2019ye \u00f6rnek olacak \u015fekilde korsanla m\u00fccadele ba\u015flatt\u0131\u011f\u0131n\u0131 s\u00f6yleyen \u00d6zkan, denetimlerin artt\u0131r\u0131ld\u0131\u011f\u0131n\u0131 ve yakla\u015f\u0131k 1 ayl\u0131k s\u00fcre\u00e7te 200\u2019e yak\u0131n arac\u0131n kapat\u0131ld\u0131\u011f\u0131n\u0131 ifade etti.<\/p>\n<p>\u00d6ld\u00fcr\u00fclen taksici O\u011fuz Erge\u2019yi and\u0131<br \/>\n<br \/>Konu\u015fmas\u0131nda \u0130zmir\u2019de 1 y\u0131l \u00f6nce ara\u00e7 i\u00e7erisinde \u00f6ld\u00fcr\u00fclen taksici O\u011fuz Erge\u2019yi de anan Ba\u015fkan \u00d6zkan, \u201c\u0130zmir\u2019de t\u00fcyler \u00fcrpertici bir olay ya\u015fam\u0131\u015ft\u0131k. O\u011fuz Erge meslekta\u015f\u0131m\u0131z\u0131n bug\u00fcn \u00f6l\u00fcm y\u0131l d\u00f6n\u00fcm\u00fc. Kendisini rahmetle an\u0131yorum. Allah rahmet eylesin. Bu olay\u0131n \u00e7\u00f6z\u00fclmesinde kameran\u0131n ne kadar faydal\u0131 oldu\u011funu t\u00fcm T\u00fcrkiye g\u00f6rm\u00fc\u015f oldu. Bu olaydan sonra t\u00fcm meslekta\u015flar\u0131m\u0131z, ara\u00e7lar\u0131na mecbur olmasa dahi kamera takmak i\u00e7in s\u0131raya girdiler\u201d \u015feklinde konu\u015ftu.<br \/><\/p>\n","protected":false},"excerpt":{"rendered":"<p>\u0130zmir \u015eof\u00f6rler ve Otomobilciler Esnaf Odas\u0131 Ba\u015fkan\u0131 Erkan \u00d6zkan, \u201cTaksimetre \u00fccretlerinde \u015fu an i\u00e7in bir zam s\u00f6z konusu de\u011fil. \u0130leriki d\u00f6nemde e\u011fer ihtiya\u00e7 olursa fiyat ayarlamas\u0131na gidebiliriz\u201d dedi. 2025 y\u0131l\u0131na girilmesiyle birlikte ak\u0131llarda \u2018\u0130zmir\u2019de taksimetre \u00fccretlerine zam yap\u0131lacak m\u0131?\u2019 sorusu olu\u015ftu. \u0130zmir \u015eof\u00f6rler ve Otomobilciler Esnaf Odas\u0131 Ba\u015fkan\u0131 Erkan \u00d6zkan, konuya dair a\u00e7\u0131klamalarda bulundu. Her&#8230;<\/p>\n","protected":false},"author":1,"featured_media":14037,"comment_status":"open","ping_status":"open","sticky":false,"template":"","format":"standard","meta":{"_crdt_document":"","footnotes":""},"categories":[1],"tags":[],"class_list":["post-14036","post","type-post","status-publish","format-standard","has-post-thumbnail","hentry","category-guncel"],"_links":{"self":[{"href":"https:\/\/www.egemtv.com\/index.php?rest_route=\/wp\/v2\/posts\/14036","targetHints":{"allow":["GET"]}}],"collection":[{"href":"https:\/\/www.egemtv.com\/index.php?rest_route=\/wp\/v2\/posts"}],"about":[{"href":"https:\/\/www.egemtv.com\/index.php?rest_route=\/wp\/v2\/types\/post"}],"author":[{"embeddable":true,"href":"https:\/\/www.egemtv.com\/index.php?rest_route=\/wp\/v2\/users\/1"}],"replies":[{"embeddable":true,"href":"https:\/\/www.egemtv.com\/index.php?rest_route=%2Fwp%2Fv2%2Fcomments&post=14036"}],"version-history":[{"count":1,"href":"https:\/\/www.egemtv.com\/index.php?rest_route=\/wp\/v2\/posts\/14036\/revisions"}],"predecessor-version":[{"id":14038,"href":"https:\/\/www.egemtv.com\/index.php?rest_route=\/wp\/v2\/posts\/14036\/revisions\/14038"}],"wp:featuredmedia":[{"embeddable":true,"href":"https:\/\/www.egemtv.com\/index.php?rest_route=\/wp\/v2\/media\/14037"}],"wp:attachment":[{"href":"https:\/\/www.egemtv.com\/index.php?rest_route=%2Fwp%2Fv2%2Fmedia&parent=14036"}],"wp:term":[{"taxonomy":"category","embeddable":true,"href":"https:\/\/www.egemtv.com\/index.php?rest_route=%2Fwp%2Fv2%2Fcategories&post=14036"},{"taxonomy":"post_tag","embeddable":true,"href":"https:\/\/www.egemtv.com\/index.php?rest_route=%2Fwp%2Fv2%2Ftags&post=14036"}],"curies":[{"name":"wp","href":"https:\/\/api.w.org\/{rel}","templated":true}]}}