{"id":14033,"date":"2025-01-31T13:18:50","date_gmt":"2025-01-31T10:18:50","guid":{"rendered":"https:\/\/www.egemtv.com\/?p=14033"},"modified":"2025-01-31T13:18:54","modified_gmt":"2025-01-31T10:18:54","slug":"is-guvenligi-uzmani-karakose-isverenlerimiz-yaptirim-one-surerek-is-almaya-calisan-firmalara-prim-vermemeli","status":"publish","type":"post","link":"https:\/\/www.egemtv.com\/?p=14033","title":{"rendered":"\u0130\u015f g\u00fcvenli\u011fi uzman\u0131 Karak\u00f6se: &#8220;\u0130\u015fverenlerimiz yapt\u0131r\u0131m \u00f6ne s\u00fcrerek i\u015f almaya \u00e7al\u0131\u015fan firmalara prim vermemeli&#8221;"},"content":{"rendered":"<p>\u0130\u015fverenlere \u00e7a\u011fr\u0131da bulunan G\u00fczelhisar Ortak Sa\u011fl\u0131k ve G\u00fcvenlik Birimi (OSGB) A.\u015e. Y\u00f6netim Kurulu Ba\u015fkan\u0131 ve \u0130\u015f G\u00fcvenli\u011fi Uzman\u0131 Mehmet Evren Karak\u00f6se, \u2019i\u015f g\u00fcvenli\u011fi uzman\u0131 ve i\u015fyeri hekimi bulundurmayanlara para cezas\u0131 uygulanacak\u2019 diyerek korku salmaya \u00e7al\u0131\u015fan OSGB firmalar\u0131na itibar edilmemesi gerekti\u011fi s\u00f6yledi.<\/p>\n<p>50\u2019den az \u00e7al\u0131\u015fanl\u0131 i\u015fletmeler i\u00e7in ba\u015flat\u0131lacak yeni uygulama ile ilgili a\u00e7\u0131klamalarda bulunan, G\u00fczelhisar Ortak Sa\u011fl\u0131k ve G\u00fcvenlik Birimi (OSGB) A.\u015e. Y\u00f6netim Kurulu Ba\u015fkan\u0131 ve \u0130\u015f G\u00fcvenli\u011fi Uzman\u0131 Mehmet Evren Karak\u00f6se, i\u015fverenlere \u00e7a\u011fr\u0131da bulundu. Yeni uygulamaya g\u00f6re \u2019i\u015f g\u00fcvenli\u011fi uzman\u0131 ve i\u015fyeri hekimi bulundurmayanlara para cezas\u0131 uygulanacak\u2019 diyerek korku salmaya \u00e7al\u0131\u015f\u0131p i\u015f almaya \u00e7al\u0131\u015fan OSGB firmalar\u0131na itibar edilmemesi gerekti\u011fi s\u00f6yleyen Karak\u00f6se; &#8220;\u0130\u015fverenlerimizin hi\u00e7bir \u015fekilde ceza, yapt\u0131r\u0131m \u00f6ne s\u00fcrerek i\u015f almaya \u00e7al\u0131\u015fan OSGB\u2019lere pirim vermemeleri gerekmektedir&#8221; dedi.<\/p>\n<p>Karak\u00f6se, konu ile ilgili yapt\u0131\u011f\u0131 a\u00e7\u0131klamada &#8220;\u0130\u015f Sa\u011fl\u0131\u011f\u0131 ve G\u00fcvenli\u011fi Genel M\u00fcd\u00fcrl\u00fc\u011f\u00fc yetkilileri ile g\u00f6r\u00fc\u015ft\u00fck, kendileri \u00fczerine basa basa \u2019K\u00fc\u00e7\u00fck i\u015fletmelere 30 Ocak itibari ile i\u015f g\u00fcvenli\u011fi uzman\u0131 ve i\u015fyeri hekimi g\u00f6revlendirmesi yapmayanlara idari para cezas\u0131 yaz\u0131lacak diye korku salan OSGB\u2019ler, \u0130\u015f Sa\u011fl\u0131\u011f\u0131 ve G\u00fcvenli\u011fi Genel M\u00fcd\u00fcrl\u00fc\u011f\u00fcnce hassasiyetle takip edilerek not edilmektedir. Ortak sa\u011fl\u0131k g\u00fcvenlik birimleri, 50\u2019den az \u00e7al\u0131\u015fan\u0131 olan az tehlikeli i\u015fyerlerinde \u0130\u015f Sa\u011fl\u0131\u011f\u0131 ve G\u00fcvenli\u011fi (\u0130SG) hizmetinin i\u015fveren veya i\u015fveren vekili arac\u0131l\u0131\u011f\u0131 y\u00fcr\u00fctebilece\u011fini, s\u00f6z konusu e\u011fitimlerin yayg\u0131nla\u015ft\u0131r\u0131lmas\u0131 i\u00e7in y\u00f6netmelik \u00e7al\u0131\u015fmas\u0131 yapt\u0131\u011f\u0131 hususunda y\u00f6nlendirmesi gerekti\u011fi, i\u015fverenin kendi \u0130SG hizmetlerini kendi y\u00fcr\u00fctmek istemedi\u011fi durumlarda i\u015fverenlere fahi\u015f fiyat teklifinde bulunulmamas\u0131 \u0130SG hizmetlerinin yayg\u0131nla\u015ft\u0131r\u0131lmas\u0131 i\u00e7in \u00f6nem arz etmektedir. Unutulmamal\u0131d\u0131r ki insan hayat\u0131 t\u00fcm maddi menfaatlerin \u00f6n\u00fcnde gelmektedir\u2019 ifadelerini payla\u015fm\u0131\u015flard\u0131r. \u0130\u015fverenlerimizin hi\u00e7bir \u015fekilde ceza, yapt\u0131r\u0131m \u00f6ne s\u00fcrerek i\u015f almaya \u00e7al\u0131\u015fan OSGB\u2019lere pirim vermemeleri gerekmektedir. \u0130\u015f Sa\u011fl\u0131\u011f\u0131 ve G\u00fcvenli\u011fi Genel M\u00fcd\u00fcrl\u00fc\u011f\u00fcm\u00fcz \u00e7al\u0131\u015fmalar\u0131nda daima insan odakl\u0131 pozitif \u00e7al\u0131\u015fmalar yapmaktad\u0131r&#8221; ifadelerine yer verdi.<br \/><\/p>\n","protected":false},"excerpt":{"rendered":"<p>\u0130\u015fverenlere \u00e7a\u011fr\u0131da bulunan G\u00fczelhisar Ortak Sa\u011fl\u0131k ve G\u00fcvenlik Birimi (OSGB) A.\u015e. Y\u00f6netim Kurulu Ba\u015fkan\u0131 ve \u0130\u015f G\u00fcvenli\u011fi Uzman\u0131 Mehmet Evren Karak\u00f6se, \u2019i\u015f g\u00fcvenli\u011fi uzman\u0131 ve i\u015fyeri hekimi bulundurmayanlara para cezas\u0131 uygulanacak\u2019 diyerek korku salmaya \u00e7al\u0131\u015fan OSGB firmalar\u0131na itibar edilmemesi gerekti\u011fi s\u00f6yledi. 50\u2019den az \u00e7al\u0131\u015fanl\u0131 i\u015fletmeler i\u00e7in ba\u015flat\u0131lacak yeni uygulama ile ilgili a\u00e7\u0131klamalarda bulunan, G\u00fczelhisar Ortak&#8230;<\/p>\n","protected":false},"author":1,"featured_media":14034,"comment_status":"open","ping_status":"open","sticky":false,"template":"","format":"standard","meta":{"_crdt_document":"","footnotes":""},"categories":[1],"tags":[],"class_list":["post-14033","post","type-post","status-publish","format-standard","has-post-thumbnail","hentry","category-guncel"],"_links":{"self":[{"href":"https:\/\/www.egemtv.com\/index.php?rest_route=\/wp\/v2\/posts\/14033","targetHints":{"allow":["GET"]}}],"collection":[{"href":"https:\/\/www.egemtv.com\/index.php?rest_route=\/wp\/v2\/posts"}],"about":[{"href":"https:\/\/www.egemtv.com\/index.php?rest_route=\/wp\/v2\/types\/post"}],"author":[{"embeddable":true,"href":"https:\/\/www.egemtv.com\/index.php?rest_route=\/wp\/v2\/users\/1"}],"replies":[{"embeddable":true,"href":"https:\/\/www.egemtv.com\/index.php?rest_route=%2Fwp%2Fv2%2Fcomments&post=14033"}],"version-history":[{"count":1,"href":"https:\/\/www.egemtv.com\/index.php?rest_route=\/wp\/v2\/posts\/14033\/revisions"}],"predecessor-version":[{"id":14035,"href":"https:\/\/www.egemtv.com\/index.php?rest_route=\/wp\/v2\/posts\/14033\/revisions\/14035"}],"wp:featuredmedia":[{"embeddable":true,"href":"https:\/\/www.egemtv.com\/index.php?rest_route=\/wp\/v2\/media\/14034"}],"wp:attachment":[{"href":"https:\/\/www.egemtv.com\/index.php?rest_route=%2Fwp%2Fv2%2Fmedia&parent=14033"}],"wp:term":[{"taxonomy":"category","embeddable":true,"href":"https:\/\/www.egemtv.com\/index.php?rest_route=%2Fwp%2Fv2%2Fcategories&post=14033"},{"taxonomy":"post_tag","embeddable":true,"href":"https:\/\/www.egemtv.com\/index.php?rest_route=%2Fwp%2Fv2%2Ftags&post=14033"}],"curies":[{"name":"wp","href":"https:\/\/api.w.org\/{rel}","templated":true}]}}