{"id":14030,"date":"2025-01-31T13:13:35","date_gmt":"2025-01-31T10:13:35","guid":{"rendered":"https:\/\/www.egemtv.com\/?p=14030"},"modified":"2025-01-31T13:13:39","modified_gmt":"2025-01-31T10:13:39","slug":"kutahyada-acemi-egitimini-tamamlayan-askerler-yemin-etti","status":"publish","type":"post","link":"https:\/\/www.egemtv.com\/?p=14030","title":{"rendered":"K\u00fctahya\u2019da acemi e\u011fitimini tamamlayan askerler yemin etti"},"content":{"rendered":"<p>K\u00fctahya Hava Er E\u011fitim Tugay Komutanl\u0131\u011f\u0131nda d\u00fczenlenen 2024-4C tertip y\u00fck\u00fcml\u00fc erlerin yemin t\u00f6reni, co\u015fkulu bir atmosferde ger\u00e7ekle\u015ftirildi.<br \/>\n<br \/>T\u00f6ren, sanca\u011f\u0131n tan\u0131t\u0131lmas\u0131, sayg\u0131 duru\u015funda bulunulmas\u0131 ve \u0130stiklal Mar\u015f\u0131\u2019n\u0131n okunmas\u0131yla ba\u015flad\u0131. Ard\u0131ndan, e\u011fitimlerini ba\u015far\u0131yla tamamlayan erler, T\u00fcrk bayra\u011f\u0131 ve silah \u00fczerine ellerini koyarak yemin etti.<br \/>\n<br \/>T\u00f6rene, Vali Musa I\u015f\u0131n, Hava Er E\u011fitim Tugay ve Garnizon Komutan\u0131 Tu\u011fgeneral Mustafa Ba\u015f ve Dumlup\u0131nar \u00dcniversitesi Rekt\u00f6r\u00fc Prof. Dr. S\u00fcleyman K\u0131z\u0131ltoprak kat\u0131ld\u0131.<br \/>\n<br \/>T\u00f6rende e\u011fitimlerde \u00fcst\u00fcn ba\u015far\u0131 g\u00f6steren erlere \u00f6d\u00fclleri protokol \u00fcyeleri taraf\u0131ndan takdim edildi.<br \/><\/p>\n","protected":false},"excerpt":{"rendered":"<p>K\u00fctahya Hava Er E\u011fitim Tugay Komutanl\u0131\u011f\u0131nda d\u00fczenlenen 2024-4C tertip y\u00fck\u00fcml\u00fc erlerin yemin t\u00f6reni, co\u015fkulu bir atmosferde ger\u00e7ekle\u015ftirildi. T\u00f6ren, sanca\u011f\u0131n tan\u0131t\u0131lmas\u0131, sayg\u0131 duru\u015funda bulunulmas\u0131 ve \u0130stiklal Mar\u015f\u0131\u2019n\u0131n okunmas\u0131yla ba\u015flad\u0131. Ard\u0131ndan, e\u011fitimlerini ba\u015far\u0131yla tamamlayan erler, T\u00fcrk bayra\u011f\u0131 ve silah \u00fczerine ellerini koyarak yemin etti. T\u00f6rene, Vali Musa I\u015f\u0131n, Hava Er E\u011fitim Tugay ve Garnizon Komutan\u0131 Tu\u011fgeneral Mustafa&#8230;<\/p>\n","protected":false},"author":1,"featured_media":14031,"comment_status":"open","ping_status":"open","sticky":false,"template":"","format":"standard","meta":{"_crdt_document":"","footnotes":""},"categories":[1],"tags":[],"class_list":["post-14030","post","type-post","status-publish","format-standard","has-post-thumbnail","hentry","category-guncel"],"_links":{"self":[{"href":"https:\/\/www.egemtv.com\/index.php?rest_route=\/wp\/v2\/posts\/14030","targetHints":{"allow":["GET"]}}],"collection":[{"href":"https:\/\/www.egemtv.com\/index.php?rest_route=\/wp\/v2\/posts"}],"about":[{"href":"https:\/\/www.egemtv.com\/index.php?rest_route=\/wp\/v2\/types\/post"}],"author":[{"embeddable":true,"href":"https:\/\/www.egemtv.com\/index.php?rest_route=\/wp\/v2\/users\/1"}],"replies":[{"embeddable":true,"href":"https:\/\/www.egemtv.com\/index.php?rest_route=%2Fwp%2Fv2%2Fcomments&post=14030"}],"version-history":[{"count":1,"href":"https:\/\/www.egemtv.com\/index.php?rest_route=\/wp\/v2\/posts\/14030\/revisions"}],"predecessor-version":[{"id":14032,"href":"https:\/\/www.egemtv.com\/index.php?rest_route=\/wp\/v2\/posts\/14030\/revisions\/14032"}],"wp:featuredmedia":[{"embeddable":true,"href":"https:\/\/www.egemtv.com\/index.php?rest_route=\/wp\/v2\/media\/14031"}],"wp:attachment":[{"href":"https:\/\/www.egemtv.com\/index.php?rest_route=%2Fwp%2Fv2%2Fmedia&parent=14030"}],"wp:term":[{"taxonomy":"category","embeddable":true,"href":"https:\/\/www.egemtv.com\/index.php?rest_route=%2Fwp%2Fv2%2Fcategories&post=14030"},{"taxonomy":"post_tag","embeddable":true,"href":"https:\/\/www.egemtv.com\/index.php?rest_route=%2Fwp%2Fv2%2Ftags&post=14030"}],"curies":[{"name":"wp","href":"https:\/\/api.w.org\/{rel}","templated":true}]}}