{"id":14027,"date":"2025-01-31T12:59:26","date_gmt":"2025-01-31T09:59:26","guid":{"rendered":"https:\/\/www.egemtv.com\/?p=14027"},"modified":"2025-01-31T12:59:32","modified_gmt":"2025-01-31T09:59:32","slug":"manisa-turkiyenin-en-basarili-6-ili-oldu","status":"publish","type":"post","link":"https:\/\/www.egemtv.com\/?p=14027","title":{"rendered":"Manisa T\u00fcrkiye\u2019nin en ba\u015far\u0131l\u0131 6. ili oldu"},"content":{"rendered":"<p>Manisa \u0130l Sa\u011fl\u0131k M\u00fcd\u00fcrl\u00fc\u011f\u00fc obezitenin \u00f6nlenmesi amac\u0131yla ba\u015flat\u0131lan Beslenme Dostu ve Fiziksel Aktiviteyi Destekleyen \u0130\u015f Yeri Program\u0131 kapsam\u0131nda t\u00fcm de\u011ferlendirme kriterlerini ba\u015far\u0131yla yerine getiren Ege B\u00f6lgesinde ilk T\u00fcrkiye genelinde alt\u0131nc\u0131 ba\u015far\u0131l\u0131 il m\u00fcd\u00fcrl\u00fc\u011f\u00fc oldu.<br \/>\n<br \/>Sa\u011fl\u0131k Bakanl\u0131\u011f\u0131 taraf\u0131ndan Sa\u011fl\u0131kl\u0131 Beslenme ve Hareketli Hayat Program\u0131 \u00e7er\u00e7evesinde obezitenin \u00f6nlenmesi amac\u0131yla ba\u015flat\u0131lan Beslenme Dostu ve Fiziksel Aktiviteyi Destekleyen \u0130\u015f Yeri Program\u0131 kapsam\u0131nda t\u00fcm de\u011ferlendirme kriterlerini ba\u015far\u0131yla yerine getiren Manisa \u0130l Sa\u011fl\u0131k M\u00fcd\u00fcrl\u00fc\u011f\u00fc kurum olarak sertifika almaya uygun bulundu.<br \/>\n<br \/>Konu hakk\u0131nda a\u00e7\u0131klama yapan \u0130l Sa\u011fl\u0131k M\u00fcd\u00fcr\u00fc Op. Dr. Erol Karaca, g\u00fcn\u00fcm\u00fczde hareketsiz ya\u015fam\u0131n ve obezitenin en b\u00fcy\u00fck sa\u011fl\u0131k sorunlar\u0131ndan birisi haline geldi\u011fi d\u00fc\u015f\u00fcn\u00fcld\u00fc\u011f\u00fcnde, yeti\u015fkinlerin g\u00fcnl\u00fck hayat\u0131n \u00f6nemli bir k\u0131sm\u0131n\u0131 ge\u00e7irdikleri i\u015fyerlerinde sa\u011fl\u0131kl\u0131 beslenme ve d\u00fczenli fiziksel aktiviteyi te\u015fvik gibi davran\u0131\u015f de\u011fi\u015fikli\u011fine y\u00f6nelten uygulamalar\u0131n \u00f6n plana \u00e7\u0131kt\u0131\u011f\u0131n\u0131 s\u00f6yledi. Bu program\u0131n amac\u0131n\u0131n; i\u015fveren\/idare, i\u015f\u00e7i\/\u00e7al\u0131\u015fan ve toplum kat\u0131l\u0131m\u0131 ile beslenme ve fiziksel aktivite gibi alanlarda \u00e7al\u0131\u015fanlarda davran\u0131\u015f de\u011fi\u015fikli\u011fi olu\u015fturarak sa\u011fl\u0131\u011f\u0131 desteklemek ve geli\u015ftirmek, ayr\u0131ca sa\u011fl\u0131kl\u0131, g\u00fcvenli ve \u00fcretken bir i\u015fyeri ortam\u0131 olu\u015fturmak oldu\u011funu a\u00e7\u0131klad\u0131.<br \/>\n<br \/>\u0130\u015fyeri de\u011ferlendirmelerinde; \u00e7al\u0131\u015fanlar\u0131n boy uzunlu\u011fu, v\u00fccut a\u011f\u0131rl\u0131\u011f\u0131 \u00f6l\u00e7\u00fcmlerinin al\u0131nmas\u0131, beden kitle endeksi hesaplamalar\u0131n\u0131n yap\u0131lmas\u0131, zay\u0131f, hafif kilolu, obez olan \u00e7al\u0131\u015fanlar\u0131, en yak\u0131n il\u00e7e sa\u011fl\u0131k m\u00fcd\u00fcrl\u00fc\u011f\u00fc\/sa\u011fl\u0131kl\u0131 hayat merkezi diyetisyeninden yararlanmalar\u0131 i\u00e7in aile hekimine y\u00f6nlendirilmesi, t\u00fct\u00fcns\u00fcz alanlar\u0131n d\u00fczenlenmesi, \u00e7evresel at\u0131klar\u0131n do\u011fru ayr\u0131\u015ft\u0131r\u0131lmas\u0131 ve bertaraf edilmesi gibi kriterlerin bulundu\u011funu ifade etti.<br \/>\n<br \/>\u0130zmir \u0130l Sa\u011fl\u0131k M\u00fcd\u00fcr\u00fc Dr. \u00d6\u011fretim \u00dcyesi M. Burak \u00d6ztop taraf\u0131ndan takdim edilen sertifikayla Ege B\u00f6lgesi\u2019nde ilk, T\u00fcrkiye genelinde alt\u0131nc\u0131 il sa\u011fl\u0131k m\u00fcd\u00fcrl\u00fc\u011f\u00fc olduklar\u0131 i\u00e7in mutluluk duyduklar\u0131n\u0131 belirten \u0130l Sa\u011fl\u0131k M\u00fcd\u00fcr\u00fc Karaca, bu alanda \u00f6rnek kurum olarak \u00e7al\u0131\u015fmalar\u0131n\u0131n h\u0131z kesmeden devam edece\u011fini s\u00f6yleyerek eme\u011fi ge\u00e7en ekip arkada\u015flar\u0131na te\u015fekk\u00fcr etti.<br \/><\/p>\n","protected":false},"excerpt":{"rendered":"<p>Manisa \u0130l Sa\u011fl\u0131k M\u00fcd\u00fcrl\u00fc\u011f\u00fc obezitenin \u00f6nlenmesi amac\u0131yla ba\u015flat\u0131lan Beslenme Dostu ve Fiziksel Aktiviteyi Destekleyen \u0130\u015f Yeri Program\u0131 kapsam\u0131nda t\u00fcm de\u011ferlendirme kriterlerini ba\u015far\u0131yla yerine getiren Ege B\u00f6lgesinde ilk T\u00fcrkiye genelinde alt\u0131nc\u0131 ba\u015far\u0131l\u0131 il m\u00fcd\u00fcrl\u00fc\u011f\u00fc oldu. Sa\u011fl\u0131k Bakanl\u0131\u011f\u0131 taraf\u0131ndan Sa\u011fl\u0131kl\u0131 Beslenme ve Hareketli Hayat Program\u0131 \u00e7er\u00e7evesinde obezitenin \u00f6nlenmesi amac\u0131yla ba\u015flat\u0131lan Beslenme Dostu ve Fiziksel Aktiviteyi Destekleyen \u0130\u015f&#8230;<\/p>\n","protected":false},"author":1,"featured_media":14028,"comment_status":"open","ping_status":"open","sticky":false,"template":"","format":"standard","meta":{"_crdt_document":"","footnotes":""},"categories":[2],"tags":[],"class_list":["post-14027","post","type-post","status-publish","format-standard","has-post-thumbnail","hentry","category-saglik"],"_links":{"self":[{"href":"https:\/\/www.egemtv.com\/index.php?rest_route=\/wp\/v2\/posts\/14027","targetHints":{"allow":["GET"]}}],"collection":[{"href":"https:\/\/www.egemtv.com\/index.php?rest_route=\/wp\/v2\/posts"}],"about":[{"href":"https:\/\/www.egemtv.com\/index.php?rest_route=\/wp\/v2\/types\/post"}],"author":[{"embeddable":true,"href":"https:\/\/www.egemtv.com\/index.php?rest_route=\/wp\/v2\/users\/1"}],"replies":[{"embeddable":true,"href":"https:\/\/www.egemtv.com\/index.php?rest_route=%2Fwp%2Fv2%2Fcomments&post=14027"}],"version-history":[{"count":1,"href":"https:\/\/www.egemtv.com\/index.php?rest_route=\/wp\/v2\/posts\/14027\/revisions"}],"predecessor-version":[{"id":14029,"href":"https:\/\/www.egemtv.com\/index.php?rest_route=\/wp\/v2\/posts\/14027\/revisions\/14029"}],"wp:featuredmedia":[{"embeddable":true,"href":"https:\/\/www.egemtv.com\/index.php?rest_route=\/wp\/v2\/media\/14028"}],"wp:attachment":[{"href":"https:\/\/www.egemtv.com\/index.php?rest_route=%2Fwp%2Fv2%2Fmedia&parent=14027"}],"wp:term":[{"taxonomy":"category","embeddable":true,"href":"https:\/\/www.egemtv.com\/index.php?rest_route=%2Fwp%2Fv2%2Fcategories&post=14027"},{"taxonomy":"post_tag","embeddable":true,"href":"https:\/\/www.egemtv.com\/index.php?rest_route=%2Fwp%2Fv2%2Ftags&post=14027"}],"curies":[{"name":"wp","href":"https:\/\/api.w.org\/{rel}","templated":true}]}}