{"id":14021,"date":"2025-01-31T12:49:45","date_gmt":"2025-01-31T09:49:45","guid":{"rendered":"https:\/\/www.egemtv.com\/?p=14021"},"modified":"2025-01-31T12:49:52","modified_gmt":"2025-01-31T09:49:52","slug":"denizlili-4-genc-taekwondo-milli-takimina-adini-yazdirdi","status":"publish","type":"post","link":"https:\/\/www.egemtv.com\/?p=14021","title":{"rendered":"Denizlili 4 gen\u00e7 Taekwondo Milli Tak\u0131m\u0131na ad\u0131n\u0131 yazd\u0131rd\u0131"},"content":{"rendered":"<p>13 Ocak 2025 tarihinde Ankara\u2019da d\u00fczenlenen T\u00fcrkiye Para Taekwondo \u015eampiyonas\u0131\u2019nda b\u00fcy\u00fck bir ba\u015far\u0131ya imza atan Denizlili 4 sporcu, Milli Tak\u0131m\u2019a ad\u0131n\u0131 yazd\u0131rd\u0131.<\/p>\n<p>Denizli\u2019yi T\u00fcrkiye Para Taekwondo \u015eampiyonas\u0131nda temsil eden Fatih G\u00fcltekin, Ebubekir Temel, Nuriye G\u00fcrel ve Serpil Sal\u0131k, tatamide b\u00fcy\u00fck bir m\u00fccadele \u00f6rne\u011fi sergiledi. Fatih G\u00fcltekin, K41 kategorisinde \u015fampiyon olurken, Ebubekir Temel K44 kategorisinde T\u00fcrkiye ikincili\u011fi elde etti. Nuriye G\u00fcrel ve Serpil Sal\u0131k ise ayn\u0131 kategoride T\u00fcrkiye \u00fc\u00e7\u00fcnc\u00fcs\u00fc olmay\u0131 ba\u015fard\u0131lar. Taekwondo sporuna hen\u00fcz k\u0131sa bir s\u00fcre \u00f6nce ad\u0131m atmalar\u0131na ra\u011fmen h\u0131zla b\u00fcy\u00fck bir ba\u015far\u0131ya ula\u015fan d\u00f6rt sporcu, k\u0131sa s\u00fcrede Milli Tak\u0131m seviyesine kadar y\u00fckselmeyi ba\u015fard\u0131. Sporcular, Antren\u00f6rler Alper Karbuz, Ay\u015fe Deniz Karbuz ve Taekwondo \u0130l Temsilcisi O\u011fuz \u00c7ay ile birlikte Gen\u00e7lik ve Spor \u0130l M\u00fcd\u00fcr\u00fc \u00d6mer \u0130lman\u2019\u0131 makam\u0131nda ziyaret etti. Sporcular, yeni hedeflerini ve gelece\u011fe y\u00f6nelik planlar\u0131n\u0131 \u0130lman\u2019a anlatt\u0131.<\/p>\n<p>Ay y\u0131ld\u0131zl\u0131 formay\u0131 giyecekler<br \/>\n<br \/>8-16 \u015eubat 2025 tarihlerinde Antalya\u2019da yap\u0131lacak 12 Uluslararas\u0131 T\u00fcrkiye Open Taekwondo Turnuvas\u0131\u2019na kat\u0131lacak sporcular, \u00e7al\u0131\u015fmalar\u0131n\u0131 gece g\u00fcnd\u00fcz aral\u0131ks\u0131z s\u00fcrd\u00fcr\u00fcyor. Antren\u00f6r Alper Karbuz, tak\u0131m\u0131n \u00e7ok iyi bir haz\u0131rl\u0131k s\u00fcreci ge\u00e7irdi\u011fini ve sporcular\u0131n\u0131n sadece ba\u015far\u0131ya odakland\u0131\u011f\u0131n\u0131 ifade ederek, uluslararas\u0131 \u015fampiyonada \u00fclkemizi ve Denizli\u2019yi en iyi \u015fekilde temsil edeceklerini vurgulad\u0131. Taekwondo \u0130l Temsilcisi O\u011fuz \u00c7ay, g\u00f6revinin ilk y\u0131l\u0131nda 4 sporcuyu milli tak\u0131ma kazand\u0131rman\u0131n gururunu ya\u015fad\u0131\u011f\u0131n\u0131 belirterek, sporculara her zaman destek olmaya devam edeceklerini s\u00f6yledi. Denizli\u2019de Taekwondo sporunun her ge\u00e7en g\u00fcn daha fazla ilgi g\u00f6rd\u00fc\u011f\u00fcn\u00fc ve bu alanda daha \u00e7ok sporcu yeti\u015ftirmeyi ve Milli Tak\u0131mlara sporcu kazand\u0131rmay\u0131 ama\u00e7lad\u0131klar\u0131n\u0131 ifade etti.<\/p>\n<p>\u201cBa\u015far\u0131lar\u0131n\u0131n artarak devam edece\u011fine inan\u0131yorum\u201d<br \/>\n<br \/>Denizli Gen\u00e7lik ve Spor \u0130l M\u00fcd\u00fcr\u00fc \u00d6mer \u0130lman, Para Taekwondo\u2019da elde edilen ba\u015far\u0131larla gurur duyduklar\u0131n\u0131 belirterek, sporcular\u0131 ve antren\u00f6rleri tebrik etti. Sporda ba\u015far\u0131 i\u00e7in \u00f6nce tesisle\u015fme, sonra alan\u0131nda iyi e\u011fitim alm\u0131\u015f donan\u0131ml\u0131 e\u011fitimciler ve disiplinli \u00e7al\u0131\u015fman\u0131n gerekti\u011fine vurgu yapan \u0130lman, ba\u015far\u0131n\u0131n tesad\u00fcf olmad\u0131\u011f\u0131n\u0131 belirtti. Son y\u0131llarda Denizli\u2019de spor alan\u0131nda tesisle\u015fme ve altyap\u0131ya verilen \u00f6nemle bir\u00e7ok spor dal\u0131nda ba\u015far\u0131lar\u0131n artarak gelmeye devam etti\u011fini s\u00f6yledi. Antalya\u2019da yap\u0131lacak uluslararas\u0131 turnuvada milli tak\u0131m\u0131 temsil edecek Denizlili sporculara ba\u015far\u0131lar dileyen \u0130lman, sporcular\u0131n ay y\u0131ld\u0131zl\u0131 formay\u0131 lay\u0131k\u0131yla ta\u015f\u0131yacaklar\u0131na olan inanc\u0131n\u0131 dile getirdi.<br \/><\/p>\n","protected":false},"excerpt":{"rendered":"<p>13 Ocak 2025 tarihinde Ankara\u2019da d\u00fczenlenen T\u00fcrkiye Para Taekwondo \u015eampiyonas\u0131\u2019nda b\u00fcy\u00fck bir ba\u015far\u0131ya imza atan Denizlili 4 sporcu, Milli Tak\u0131m\u2019a ad\u0131n\u0131 yazd\u0131rd\u0131. Denizli\u2019yi T\u00fcrkiye Para Taekwondo \u015eampiyonas\u0131nda temsil eden Fatih G\u00fcltekin, Ebubekir Temel, Nuriye G\u00fcrel ve Serpil Sal\u0131k, tatamide b\u00fcy\u00fck bir m\u00fccadele \u00f6rne\u011fi sergiledi. Fatih G\u00fcltekin, K41 kategorisinde \u015fampiyon olurken, Ebubekir Temel K44 kategorisinde T\u00fcrkiye&#8230;<\/p>\n","protected":false},"author":1,"featured_media":14022,"comment_status":"open","ping_status":"open","sticky":false,"template":"","format":"standard","meta":{"_crdt_document":"","footnotes":""},"categories":[4],"tags":[],"class_list":["post-14021","post","type-post","status-publish","format-standard","has-post-thumbnail","hentry","category-spor"],"_links":{"self":[{"href":"https:\/\/www.egemtv.com\/index.php?rest_route=\/wp\/v2\/posts\/14021","targetHints":{"allow":["GET"]}}],"collection":[{"href":"https:\/\/www.egemtv.com\/index.php?rest_route=\/wp\/v2\/posts"}],"about":[{"href":"https:\/\/www.egemtv.com\/index.php?rest_route=\/wp\/v2\/types\/post"}],"author":[{"embeddable":true,"href":"https:\/\/www.egemtv.com\/index.php?rest_route=\/wp\/v2\/users\/1"}],"replies":[{"embeddable":true,"href":"https:\/\/www.egemtv.com\/index.php?rest_route=%2Fwp%2Fv2%2Fcomments&post=14021"}],"version-history":[{"count":1,"href":"https:\/\/www.egemtv.com\/index.php?rest_route=\/wp\/v2\/posts\/14021\/revisions"}],"predecessor-version":[{"id":14023,"href":"https:\/\/www.egemtv.com\/index.php?rest_route=\/wp\/v2\/posts\/14021\/revisions\/14023"}],"wp:featuredmedia":[{"embeddable":true,"href":"https:\/\/www.egemtv.com\/index.php?rest_route=\/wp\/v2\/media\/14022"}],"wp:attachment":[{"href":"https:\/\/www.egemtv.com\/index.php?rest_route=%2Fwp%2Fv2%2Fmedia&parent=14021"}],"wp:term":[{"taxonomy":"category","embeddable":true,"href":"https:\/\/www.egemtv.com\/index.php?rest_route=%2Fwp%2Fv2%2Fcategories&post=14021"},{"taxonomy":"post_tag","embeddable":true,"href":"https:\/\/www.egemtv.com\/index.php?rest_route=%2Fwp%2Fv2%2Ftags&post=14021"}],"curies":[{"name":"wp","href":"https:\/\/api.w.org\/{rel}","templated":true}]}}