{"id":14018,"date":"2025-01-31T12:47:13","date_gmt":"2025-01-31T09:47:13","guid":{"rendered":"https:\/\/www.egemtv.com\/?p=14018"},"modified":"2025-01-31T12:47:18","modified_gmt":"2025-01-31T09:47:18","slug":"menemende-iletisime-engel-yok","status":"publish","type":"post","link":"https:\/\/www.egemtv.com\/?p=14018","title":{"rendered":"Menemen\u2019de ileti\u015fime engel yok"},"content":{"rendered":"<p>Toplumun her kesimine en y\u00fcksek hizmet kalitesiyle ula\u015fmay\u0131 ilke edinen Menemen Belediyesi, i\u015fitme engelli vatanda\u015flar\u0131n belediyecilik hizmetlerinden daha rahat yararlanmas\u0131 i\u00e7in personeline i\u015faret dili e\u011fitimi vermeye ba\u015flad\u0131. \u201cMenemen\u2019de ileti\u015fime engel yok\u201d mottosuyla ger\u00e7ekle\u015ftirilen e\u011fitimleri de\u011ferlendiren Menemen Belediye Ba\u015fkan\u0131 Ayd\u0131n Pehlivan, \u201cT\u00fcm engel gruplar\u0131ndan hem\u015fehrilerimiz i\u00e7in kucaklay\u0131c\u0131 ve hizmet esasl\u0131 \u00e7al\u0131\u015fmalar\u0131m\u0131z\u0131 s\u00fcrd\u00fcr\u00fcyoruz. \u00c7\u00fcnk\u00fc her hem\u015fehrimiz bizim i\u00e7in ayr\u0131 birer de\u011fer.\u201d dedi.<br \/>\n<br \/>3 Aral\u0131k D\u00fcnya Engelliler G\u00fcn\u00fc\u2019nde engelli \u00e7ocuklar\u0131n yapt\u0131\u011f\u0131 \u00e7\u00f6mleklerle \u00f6rnek bir sergi a\u00e7an Menemen Belediyesi, t\u00fcm engel gruplar\u0131na ula\u015fabilmek, kesintisiz hizmet vermek ve ileti\u015fimi g\u00fc\u00e7l\u00fc tutmak i\u00e7in \u00e7al\u0131\u015fmalar\u0131n\u0131 aral\u0131ks\u0131z olarak s\u00fcrd\u00fcr\u00fcyor.<br \/>\n<br \/>Bu kapsamda Menemen Belediyesi personeline yine belediye b\u00fcnyesinde i\u015faret dili e\u011fitimi ba\u015flad\u0131. Belediye meclis salonunda ger\u00e7ekle\u015ftirilen e\u011fitimlerin ilk dersinde i\u015faret diline ait temel bilgiler verilirken, harflerin \u00f6\u011fretilmesinden uygulama becerisine kadar \u00e7e\u015fitli \u00e7al\u0131\u015fmalar yap\u0131ld\u0131. \u0130lk derste do\u011frudan engelli vatanda\u015flarla \u00e7al\u0131\u015fan personele verilen e\u011fitim, k\u0131sa s\u00fcrede t\u00fcm birimlere yay\u0131lacak.<\/p>\n<p>\u201cHizmette de ileti\u015fimde de engel tan\u0131m\u0131yoruz\u201d<br \/>\n<br \/>Belediye personeline verilen i\u015faret dili e\u011fitimini de\u011ferlendiren Menemen Belediye Ba\u015fkan\u0131 Ayd\u0131n Pehlivan, \u201cG\u00f6reve geldi\u011fimizden beri Menemen\u2019e hizmette nas\u0131l engel tan\u0131m\u0131yor ve il\u00e7emizi eser siyasetiyle donat\u0131p y\u0131llar\u0131n eksikliklerini gideriyorsak, engelli hem\u015fehrilerimize hizmet konusunda da asla geri durmuyoruz. Hastane ula\u015f\u0131m\u0131ndan evde bak\u0131ma, fizyoterapiden \u00e7e\u015fitli at\u00f6lye \u00e7al\u0131\u015fmalar\u0131na kadar bir\u00e7ok alanda bug\u00fcne kadar engelli vatanda\u015flar\u0131m\u0131z\u0131n ya\u015famlar\u0131n\u0131 kolayla\u015ft\u0131rmak i\u00e7in \u00e7ok say\u0131da \u00e7al\u0131\u015fma yapt\u0131k. Bu \u00e7al\u0131\u015fmalar\u0131m\u0131z\u0131 kesintisiz s\u00fcrd\u00fcr\u00fcrken, i\u015fitme engelli hem\u015fehrilerimizle ileti\u015fimde do\u011fabilecek eksiklikleri de gidermek ad\u0131na personelimize i\u015faret dili e\u011fitimi veriyoruz. E\u011fitimlerimiz kapsam\u0131nda t\u00fcm personelimize i\u015faret dilini \u00f6\u011fretmeyi hedefliyoruz. Menemen\u2019i engelsiz yar\u0131nlara ta\u015f\u0131mak i\u00e7in uzman kadromuzla b\u00fcy\u00fck bir m\u00fccadele veriyoruz.\u201d dedi.<br \/><\/p>\n","protected":false},"excerpt":{"rendered":"<p>Toplumun her kesimine en y\u00fcksek hizmet kalitesiyle ula\u015fmay\u0131 ilke edinen Menemen Belediyesi, i\u015fitme engelli vatanda\u015flar\u0131n belediyecilik hizmetlerinden daha rahat yararlanmas\u0131 i\u00e7in personeline i\u015faret dili e\u011fitimi vermeye ba\u015flad\u0131. \u201cMenemen\u2019de ileti\u015fime engel yok\u201d mottosuyla ger\u00e7ekle\u015ftirilen e\u011fitimleri de\u011ferlendiren Menemen Belediye Ba\u015fkan\u0131 Ayd\u0131n Pehlivan, \u201cT\u00fcm engel gruplar\u0131ndan hem\u015fehrilerimiz i\u00e7in kucaklay\u0131c\u0131 ve hizmet esasl\u0131 \u00e7al\u0131\u015fmalar\u0131m\u0131z\u0131 s\u00fcrd\u00fcr\u00fcyoruz. \u00c7\u00fcnk\u00fc her hem\u015fehrimiz bizim&#8230;<\/p>\n","protected":false},"author":1,"featured_media":14019,"comment_status":"open","ping_status":"open","sticky":false,"template":"","format":"standard","meta":{"_crdt_document":"","footnotes":""},"categories":[1],"tags":[],"class_list":["post-14018","post","type-post","status-publish","format-standard","has-post-thumbnail","hentry","category-guncel"],"_links":{"self":[{"href":"https:\/\/www.egemtv.com\/index.php?rest_route=\/wp\/v2\/posts\/14018","targetHints":{"allow":["GET"]}}],"collection":[{"href":"https:\/\/www.egemtv.com\/index.php?rest_route=\/wp\/v2\/posts"}],"about":[{"href":"https:\/\/www.egemtv.com\/index.php?rest_route=\/wp\/v2\/types\/post"}],"author":[{"embeddable":true,"href":"https:\/\/www.egemtv.com\/index.php?rest_route=\/wp\/v2\/users\/1"}],"replies":[{"embeddable":true,"href":"https:\/\/www.egemtv.com\/index.php?rest_route=%2Fwp%2Fv2%2Fcomments&post=14018"}],"version-history":[{"count":1,"href":"https:\/\/www.egemtv.com\/index.php?rest_route=\/wp\/v2\/posts\/14018\/revisions"}],"predecessor-version":[{"id":14020,"href":"https:\/\/www.egemtv.com\/index.php?rest_route=\/wp\/v2\/posts\/14018\/revisions\/14020"}],"wp:featuredmedia":[{"embeddable":true,"href":"https:\/\/www.egemtv.com\/index.php?rest_route=\/wp\/v2\/media\/14019"}],"wp:attachment":[{"href":"https:\/\/www.egemtv.com\/index.php?rest_route=%2Fwp%2Fv2%2Fmedia&parent=14018"}],"wp:term":[{"taxonomy":"category","embeddable":true,"href":"https:\/\/www.egemtv.com\/index.php?rest_route=%2Fwp%2Fv2%2Fcategories&post=14018"},{"taxonomy":"post_tag","embeddable":true,"href":"https:\/\/www.egemtv.com\/index.php?rest_route=%2Fwp%2Fv2%2Ftags&post=14018"}],"curies":[{"name":"wp","href":"https:\/\/api.w.org\/{rel}","templated":true}]}}