{"id":14015,"date":"2025-01-31T12:43:32","date_gmt":"2025-01-31T09:43:32","guid":{"rendered":"https:\/\/www.egemtv.com\/?p=14015"},"modified":"2025-01-31T12:43:37","modified_gmt":"2025-01-31T09:43:37","slug":"tavsanlida-gida-isletmelerinde-calisan-personele-hijyen-egitimi","status":"publish","type":"post","link":"https:\/\/www.egemtv.com\/?p=14015","title":{"rendered":"Tav\u015fanl\u0131\u2019da g\u0131da i\u015fletmelerinde \u00e7al\u0131\u015fan personele hijyen e\u011fitimi"},"content":{"rendered":"<p>K\u00fctahya\u2019n\u0131n Tav\u015fanl\u0131 il\u00e7esinde Milli E\u011fitim Bakanl\u0131\u011f\u0131\u2019na ba\u011fl\u0131 e\u011fitim ve \u00f6\u011fretim kurumlar\u0131 b\u00fcnyesindeki g\u0131da i\u015fletmelerinde \u00e7al\u0131\u015fan personele \u00d6zel Hijyen e\u011fitimi verildi\u011fi bildirildi.<br \/>\n<br \/>\u0130l\u00e7e Milli E\u011fitim M\u00fcd\u00fcrl\u00fc\u011f\u00fc, \u0130l\u00e7e Sa\u011fl\u0131k M\u00fcd\u00fcrl\u00fc\u011f\u00fc ile \u0130l\u00e7e Tar\u0131m ve Orman M\u00fcd\u00fcrl\u00fc\u011f\u00fc personeli taraf\u0131ndan Tav\u015fanl\u0131 Hayme Ana Mesleki ve Teknik Anadolu Lisesi\u2019nde, Okul Kantinlerine Dair \u00d6zel Hijyen Kurallar\u0131 Y\u00f6netmeli\u011fi gere\u011fince \u00d6zel Hijyen e\u011fitimi verildi.<br \/><\/p>\n","protected":false},"excerpt":{"rendered":"<p>K\u00fctahya\u2019n\u0131n Tav\u015fanl\u0131 il\u00e7esinde Milli E\u011fitim Bakanl\u0131\u011f\u0131\u2019na ba\u011fl\u0131 e\u011fitim ve \u00f6\u011fretim kurumlar\u0131 b\u00fcnyesindeki g\u0131da i\u015fletmelerinde \u00e7al\u0131\u015fan personele \u00d6zel Hijyen e\u011fitimi verildi\u011fi bildirildi. \u0130l\u00e7e Milli E\u011fitim M\u00fcd\u00fcrl\u00fc\u011f\u00fc, \u0130l\u00e7e Sa\u011fl\u0131k M\u00fcd\u00fcrl\u00fc\u011f\u00fc ile \u0130l\u00e7e Tar\u0131m ve Orman M\u00fcd\u00fcrl\u00fc\u011f\u00fc personeli taraf\u0131ndan Tav\u015fanl\u0131 Hayme Ana Mesleki ve Teknik Anadolu Lisesi\u2019nde, Okul Kantinlerine Dair \u00d6zel Hijyen Kurallar\u0131 Y\u00f6netmeli\u011fi gere\u011fince \u00d6zel Hijyen e\u011fitimi&#8230;<\/p>\n","protected":false},"author":1,"featured_media":14016,"comment_status":"open","ping_status":"open","sticky":false,"template":"","format":"standard","meta":{"_crdt_document":"","footnotes":""},"categories":[1],"tags":[],"class_list":["post-14015","post","type-post","status-publish","format-standard","has-post-thumbnail","hentry","category-guncel"],"_links":{"self":[{"href":"https:\/\/www.egemtv.com\/index.php?rest_route=\/wp\/v2\/posts\/14015","targetHints":{"allow":["GET"]}}],"collection":[{"href":"https:\/\/www.egemtv.com\/index.php?rest_route=\/wp\/v2\/posts"}],"about":[{"href":"https:\/\/www.egemtv.com\/index.php?rest_route=\/wp\/v2\/types\/post"}],"author":[{"embeddable":true,"href":"https:\/\/www.egemtv.com\/index.php?rest_route=\/wp\/v2\/users\/1"}],"replies":[{"embeddable":true,"href":"https:\/\/www.egemtv.com\/index.php?rest_route=%2Fwp%2Fv2%2Fcomments&post=14015"}],"version-history":[{"count":1,"href":"https:\/\/www.egemtv.com\/index.php?rest_route=\/wp\/v2\/posts\/14015\/revisions"}],"predecessor-version":[{"id":14017,"href":"https:\/\/www.egemtv.com\/index.php?rest_route=\/wp\/v2\/posts\/14015\/revisions\/14017"}],"wp:featuredmedia":[{"embeddable":true,"href":"https:\/\/www.egemtv.com\/index.php?rest_route=\/wp\/v2\/media\/14016"}],"wp:attachment":[{"href":"https:\/\/www.egemtv.com\/index.php?rest_route=%2Fwp%2Fv2%2Fmedia&parent=14015"}],"wp:term":[{"taxonomy":"category","embeddable":true,"href":"https:\/\/www.egemtv.com\/index.php?rest_route=%2Fwp%2Fv2%2Fcategories&post=14015"},{"taxonomy":"post_tag","embeddable":true,"href":"https:\/\/www.egemtv.com\/index.php?rest_route=%2Fwp%2Fv2%2Ftags&post=14015"}],"curies":[{"name":"wp","href":"https:\/\/api.w.org\/{rel}","templated":true}]}}