{"id":14012,"date":"2025-01-31T12:43:27","date_gmt":"2025-01-31T09:43:27","guid":{"rendered":"https:\/\/www.egemtv.com\/?p=14012"},"modified":"2025-01-31T12:43:32","modified_gmt":"2025-01-31T09:43:32","slug":"bolgesel-amator-ligde-mugla-derbisi","status":"publish","type":"post","link":"https:\/\/www.egemtv.com\/?p=14012","title":{"rendered":"B\u00f6lgesel Amat\u00f6r Lig\u2019de Mu\u011fla derbisi"},"content":{"rendered":"<p>Pazar g\u00fcn\u00fc B\u00f6lgesel Amat\u00f6r Lig 7. Grupta Mu\u011fla temsilcileri Yata\u011fanspor-Ortaca Belediyespor aras\u0131nda derbi kar\u015f\u0131la\u015fmas\u0131 oynanacak.<\/p>\n<p>B\u00f6lgesel Amat\u00f6r Lig 7. Grupta Pazar g\u00fcn\u00fc Mu\u011fla tak\u0131mlar\u0131n\u0131 ilgilendiren \u00f6nemli bir ma\u00e7a sahne olacak. Ligde 18. hafta kar\u015f\u0131la\u015fmas\u0131nda Yata\u011fanspor, Ortaca Belediyespor\u2019u konuk edecek. Pazar g\u00fcn\u00fc Yata\u011fan \u0130l\u00e7e Stad\u0131\u2019nda saat 14.00\u2019de ba\u015flayacak kar\u015f\u0131la\u015fmay\u0131, Konya b\u00f6lgesi hakemlerinden Mustafa Aykut Demirel, Cafer Mamak ve S\u00fcleyman M\u00fccahit Demirer hakem 3l\u00fcs\u00fc y\u00f6netecek.<\/p>\n<p>Hafta sonunu ayn\u0131 puanda giren iki ekipten Yata\u011fanspor, deplasmanda Sarayk\u00f6y\u2019\u00fc 2-0 ma\u011flup ederken, Ortaca ise sahas\u0131nda Ye\u015fil \u00c7ivril ile 0-0 berabere kalm\u0131\u015ft\u0131. Yata\u011fan puan\u0131n\u0131 27\u2019ye y\u00fckseltirken, haftay\u0131 6.s\u0131rada tamamlad\u0131. Ortaca ise 25 puanla 7.s\u0131rada yer al\u0131yor. \u0130l s\u0131ralamas\u0131 a\u00e7\u0131s\u0131ndan Mu\u011fla derbisi niteli\u011fi ta\u015f\u0131yan ma\u00e7 ile ilgili Ortaca Belediyespor\u2019lu taraftarlar\u0131n g\u00fcvenlik gerek\u00e7esi ile ma\u00e7a al\u0131nmayaca\u011f\u0131 \u00f6\u011frenildi.<br \/><\/p>\n","protected":false},"excerpt":{"rendered":"<p>Pazar g\u00fcn\u00fc B\u00f6lgesel Amat\u00f6r Lig 7. Grupta Mu\u011fla temsilcileri Yata\u011fanspor-Ortaca Belediyespor aras\u0131nda derbi kar\u015f\u0131la\u015fmas\u0131 oynanacak. B\u00f6lgesel Amat\u00f6r Lig 7. Grupta Pazar g\u00fcn\u00fc Mu\u011fla tak\u0131mlar\u0131n\u0131 ilgilendiren \u00f6nemli bir ma\u00e7a sahne olacak. Ligde 18. hafta kar\u015f\u0131la\u015fmas\u0131nda Yata\u011fanspor, Ortaca Belediyespor\u2019u konuk edecek. Pazar g\u00fcn\u00fc Yata\u011fan \u0130l\u00e7e Stad\u0131\u2019nda saat 14.00\u2019de ba\u015flayacak kar\u015f\u0131la\u015fmay\u0131, Konya b\u00f6lgesi hakemlerinden Mustafa Aykut Demirel, Cafer&#8230;<\/p>\n","protected":false},"author":1,"featured_media":14013,"comment_status":"open","ping_status":"open","sticky":false,"template":"","format":"standard","meta":{"_crdt_document":"","footnotes":""},"categories":[4],"tags":[],"class_list":["post-14012","post","type-post","status-publish","format-standard","has-post-thumbnail","hentry","category-spor"],"_links":{"self":[{"href":"https:\/\/www.egemtv.com\/index.php?rest_route=\/wp\/v2\/posts\/14012","targetHints":{"allow":["GET"]}}],"collection":[{"href":"https:\/\/www.egemtv.com\/index.php?rest_route=\/wp\/v2\/posts"}],"about":[{"href":"https:\/\/www.egemtv.com\/index.php?rest_route=\/wp\/v2\/types\/post"}],"author":[{"embeddable":true,"href":"https:\/\/www.egemtv.com\/index.php?rest_route=\/wp\/v2\/users\/1"}],"replies":[{"embeddable":true,"href":"https:\/\/www.egemtv.com\/index.php?rest_route=%2Fwp%2Fv2%2Fcomments&post=14012"}],"version-history":[{"count":1,"href":"https:\/\/www.egemtv.com\/index.php?rest_route=\/wp\/v2\/posts\/14012\/revisions"}],"predecessor-version":[{"id":14014,"href":"https:\/\/www.egemtv.com\/index.php?rest_route=\/wp\/v2\/posts\/14012\/revisions\/14014"}],"wp:featuredmedia":[{"embeddable":true,"href":"https:\/\/www.egemtv.com\/index.php?rest_route=\/wp\/v2\/media\/14013"}],"wp:attachment":[{"href":"https:\/\/www.egemtv.com\/index.php?rest_route=%2Fwp%2Fv2%2Fmedia&parent=14012"}],"wp:term":[{"taxonomy":"category","embeddable":true,"href":"https:\/\/www.egemtv.com\/index.php?rest_route=%2Fwp%2Fv2%2Fcategories&post=14012"},{"taxonomy":"post_tag","embeddable":true,"href":"https:\/\/www.egemtv.com\/index.php?rest_route=%2Fwp%2Fv2%2Ftags&post=14012"}],"curies":[{"name":"wp","href":"https:\/\/api.w.org\/{rel}","templated":true}]}}