{"id":14009,"date":"2025-01-31T12:43:25","date_gmt":"2025-01-31T09:43:25","guid":{"rendered":"https:\/\/www.egemtv.com\/?p=14009"},"modified":"2025-01-31T12:43:26","modified_gmt":"2025-01-31T09:43:26","slug":"emette-yeni-atanan-3-din-gorevlisine-cubbe-ve-fes-giydirildi","status":"publish","type":"post","link":"https:\/\/www.egemtv.com\/?p=14009","title":{"rendered":"Emet\u2019te yeni atanan 3 din g\u00f6revlisine c\u00fcbbe ve fes giydirildi"},"content":{"rendered":"<p>K\u00fctahya\u2019n\u0131n Emet il\u00e7esi Uzun\u00e7am, Bahatlar ve G\u00f6ncek k\u00f6ylerine ilk atamalar\u0131 ger\u00e7ekle\u015fen 3 din g\u00f6revlisi i\u00e7in c\u00fcbbe ve fes giydirme t\u00f6reni ger\u00e7ekle\u015ftirildi.<br \/>\n<br \/>M\u00fcft\u00fcl\u00fck makam\u0131nda d\u00fczenlenen t\u00f6rende Diyanet Akademisinden mezun olarak il\u00e7eye ba\u011fl\u0131 Uzun\u00e7am k\u00f6y\u00fc camiinde g\u00f6reve ba\u015flayacak olan \u0130mam Hatip \u0130brahim Yasir \u00c7olak, Bahatlar k\u00f6y\u00fc camiinde g\u00f6reve ba\u015flayacak olan \u0130mam Hatip Talha Berat Damar ve G\u00f6ncek K\u00f6y\u00fc Camiinde g\u00f6reve ba\u015flayacak olan \u0130mam Hatip Yakup Bekda\u015f\u2019a \u0130l\u00e7e M\u00fcft\u00fcs\u00fc \u0130smail \u00c7\u0131nar taraf\u0131ndan c\u00fcbbe ve fesleri giydirildi.<br \/>\n<br \/>G\u00f6revlerin \u00f6nemi hakk\u0131nda a\u00e7\u0131klamalarda bulunan \u0130l\u00e7e M\u00fcft\u00fcs\u00fc \u0130smail \u00c7\u0131nar, \u0130mam Hatiplere yeni g\u00f6rev yerlerinde ba\u015far\u0131lar diledi. Yap\u0131lan duan\u0131n ard\u0131ndan \u0130mam Hatipler g\u00f6rev yerlerine u\u011furland\u0131.<br \/><\/p>\n","protected":false},"excerpt":{"rendered":"<p>K\u00fctahya\u2019n\u0131n Emet il\u00e7esi Uzun\u00e7am, Bahatlar ve G\u00f6ncek k\u00f6ylerine ilk atamalar\u0131 ger\u00e7ekle\u015fen 3 din g\u00f6revlisi i\u00e7in c\u00fcbbe ve fes giydirme t\u00f6reni ger\u00e7ekle\u015ftirildi. M\u00fcft\u00fcl\u00fck makam\u0131nda d\u00fczenlenen t\u00f6rende Diyanet Akademisinden mezun olarak il\u00e7eye ba\u011fl\u0131 Uzun\u00e7am k\u00f6y\u00fc camiinde g\u00f6reve ba\u015flayacak olan \u0130mam Hatip \u0130brahim Yasir \u00c7olak, Bahatlar k\u00f6y\u00fc camiinde g\u00f6reve ba\u015flayacak olan \u0130mam Hatip Talha Berat Damar ve G\u00f6ncek&#8230;<\/p>\n","protected":false},"author":1,"featured_media":14010,"comment_status":"open","ping_status":"open","sticky":false,"template":"","format":"standard","meta":{"_crdt_document":"","footnotes":""},"categories":[123],"tags":[],"class_list":["post-14009","post","type-post","status-publish","format-standard","has-post-thumbnail","hentry","category-gundem"],"_links":{"self":[{"href":"https:\/\/www.egemtv.com\/index.php?rest_route=\/wp\/v2\/posts\/14009","targetHints":{"allow":["GET"]}}],"collection":[{"href":"https:\/\/www.egemtv.com\/index.php?rest_route=\/wp\/v2\/posts"}],"about":[{"href":"https:\/\/www.egemtv.com\/index.php?rest_route=\/wp\/v2\/types\/post"}],"author":[{"embeddable":true,"href":"https:\/\/www.egemtv.com\/index.php?rest_route=\/wp\/v2\/users\/1"}],"replies":[{"embeddable":true,"href":"https:\/\/www.egemtv.com\/index.php?rest_route=%2Fwp%2Fv2%2Fcomments&post=14009"}],"version-history":[{"count":1,"href":"https:\/\/www.egemtv.com\/index.php?rest_route=\/wp\/v2\/posts\/14009\/revisions"}],"predecessor-version":[{"id":14011,"href":"https:\/\/www.egemtv.com\/index.php?rest_route=\/wp\/v2\/posts\/14009\/revisions\/14011"}],"wp:featuredmedia":[{"embeddable":true,"href":"https:\/\/www.egemtv.com\/index.php?rest_route=\/wp\/v2\/media\/14010"}],"wp:attachment":[{"href":"https:\/\/www.egemtv.com\/index.php?rest_route=%2Fwp%2Fv2%2Fmedia&parent=14009"}],"wp:term":[{"taxonomy":"category","embeddable":true,"href":"https:\/\/www.egemtv.com\/index.php?rest_route=%2Fwp%2Fv2%2Fcategories&post=14009"},{"taxonomy":"post_tag","embeddable":true,"href":"https:\/\/www.egemtv.com\/index.php?rest_route=%2Fwp%2Fv2%2Ftags&post=14009"}],"curies":[{"name":"wp","href":"https:\/\/api.w.org\/{rel}","templated":true}]}}