{"id":14006,"date":"2025-01-31T12:36:18","date_gmt":"2025-01-31T09:36:18","guid":{"rendered":"https:\/\/www.egemtv.com\/?p=14006"},"modified":"2025-01-31T12:36:22","modified_gmt":"2025-01-31T09:36:22","slug":"tost-salonunda-cikan-yangin-panige-neden-oldu","status":"publish","type":"post","link":"https:\/\/www.egemtv.com\/?p=14006","title":{"rendered":"Tost salonunda \u00e7\u0131kan yang\u0131n pani\u011fe neden oldu"},"content":{"rendered":"<p>Buldan\u2019da bir tost salonunda frit\u00f6z makinas\u0131ndan \u00e7\u0131kan yang\u0131n vatanda\u015flar\u0131 korkuttu.<br \/>\n<br \/>Denizli\u2019nin Buldan \u0130l\u00e7esi pazar yerine yak\u0131n bir b\u00f6lgede frit\u00f6z makinas\u0131ndaki ya\u011f\u0131n patlamas\u0131 \u00fczerine yang\u0131n \u00e7\u0131kt\u0131. Edinilen bilgilere g\u00f6re, k\u0131zartma haz\u0131rlamak i\u00e7in \u00e7al\u0131\u015ft\u0131r\u0131lan frit\u00f6z makinesindeki ya\u011f\u0131n fazla \u0131s\u0131nmas\u0131 \u00fczerine alev ald\u0131. Frit\u00f6zden y\u00fckselen alevler \u00e7evreye yay\u0131larak tost salonun mutfak k\u0131sm\u0131nda yay\u0131lmaya ba\u015flad\u0131. Yang\u0131n\u0131 g\u00f6ren d\u00fckkan sahibi \u00f6nce i\u00e7erideki m\u00fc\u015fterileri tahliye etti. Yap\u0131nan ihbar \u00fczerine b\u00f6lgeye itfaiye ve polis ekipleri sevk edildi.  Olay yerine gelen Denizli B\u00fcy\u00fck\u015fehir Belediyesi Buldan \u0130tfaiye ekiplerinin h\u0131zl\u0131 m\u00fcdahalesiyle yang\u0131n b\u00fcy\u00fcmeden kontrol alt\u0131na al\u0131nd\u0131. Tost salonundan mutfa\u011f\u0131ndan bir anda alevlerin y\u00fckseldi\u011fini g\u00f6ren m\u00fc\u015fteriler korku dolu anlar ya\u015fad\u0131. Olayda yaralanan ve can kayb\u0131 olmamas\u0131n\u0131 yan\u0131 s\u0131ra tost salonunda maddi hasar meydana geldi.<br \/><\/p>\n","protected":false},"excerpt":{"rendered":"<p>Buldan\u2019da bir tost salonunda frit\u00f6z makinas\u0131ndan \u00e7\u0131kan yang\u0131n vatanda\u015flar\u0131 korkuttu. Denizli\u2019nin Buldan \u0130l\u00e7esi pazar yerine yak\u0131n bir b\u00f6lgede frit\u00f6z makinas\u0131ndaki ya\u011f\u0131n patlamas\u0131 \u00fczerine yang\u0131n \u00e7\u0131kt\u0131. Edinilen bilgilere g\u00f6re, k\u0131zartma haz\u0131rlamak i\u00e7in \u00e7al\u0131\u015ft\u0131r\u0131lan frit\u00f6z makinesindeki ya\u011f\u0131n fazla \u0131s\u0131nmas\u0131 \u00fczerine alev ald\u0131. Frit\u00f6zden y\u00fckselen alevler \u00e7evreye yay\u0131larak tost salonun mutfak k\u0131sm\u0131nda yay\u0131lmaya ba\u015flad\u0131. Yang\u0131n\u0131 g\u00f6ren d\u00fckkan sahibi&#8230;<\/p>\n","protected":false},"author":1,"featured_media":14007,"comment_status":"open","ping_status":"open","sticky":false,"template":"","format":"standard","meta":{"_crdt_document":"","footnotes":""},"categories":[5],"tags":[],"class_list":["post-14006","post","type-post","status-publish","format-standard","has-post-thumbnail","hentry","category-asayis"],"_links":{"self":[{"href":"https:\/\/www.egemtv.com\/index.php?rest_route=\/wp\/v2\/posts\/14006","targetHints":{"allow":["GET"]}}],"collection":[{"href":"https:\/\/www.egemtv.com\/index.php?rest_route=\/wp\/v2\/posts"}],"about":[{"href":"https:\/\/www.egemtv.com\/index.php?rest_route=\/wp\/v2\/types\/post"}],"author":[{"embeddable":true,"href":"https:\/\/www.egemtv.com\/index.php?rest_route=\/wp\/v2\/users\/1"}],"replies":[{"embeddable":true,"href":"https:\/\/www.egemtv.com\/index.php?rest_route=%2Fwp%2Fv2%2Fcomments&post=14006"}],"version-history":[{"count":1,"href":"https:\/\/www.egemtv.com\/index.php?rest_route=\/wp\/v2\/posts\/14006\/revisions"}],"predecessor-version":[{"id":14008,"href":"https:\/\/www.egemtv.com\/index.php?rest_route=\/wp\/v2\/posts\/14006\/revisions\/14008"}],"wp:featuredmedia":[{"embeddable":true,"href":"https:\/\/www.egemtv.com\/index.php?rest_route=\/wp\/v2\/media\/14007"}],"wp:attachment":[{"href":"https:\/\/www.egemtv.com\/index.php?rest_route=%2Fwp%2Fv2%2Fmedia&parent=14006"}],"wp:term":[{"taxonomy":"category","embeddable":true,"href":"https:\/\/www.egemtv.com\/index.php?rest_route=%2Fwp%2Fv2%2Fcategories&post=14006"},{"taxonomy":"post_tag","embeddable":true,"href":"https:\/\/www.egemtv.com\/index.php?rest_route=%2Fwp%2Fv2%2Ftags&post=14006"}],"curies":[{"name":"wp","href":"https:\/\/api.w.org\/{rel}","templated":true}]}}