{"id":14003,"date":"2025-01-31T12:36:12","date_gmt":"2025-01-31T09:36:12","guid":{"rendered":"https:\/\/www.egemtv.com\/?p=14003"},"modified":"2025-01-31T12:36:17","modified_gmt":"2025-01-31T09:36:17","slug":"badminton-gencler-musabakalarina-denizli-ev-sahipligi-yapacak","status":"publish","type":"post","link":"https:\/\/www.egemtv.com\/?p=14003","title":{"rendered":"Badminton Gen\u00e7ler m\u00fcsabakalar\u0131na Denizli ev sahipli\u011fi yapacak"},"content":{"rendered":"<p>Gen\u00e7lik ve Spor Bakanl\u0131\u011f\u0131 koordinesinde d\u00fczenlenen okul sporlar\u0131 yar\u0131\u015flar\u0131nda Badminton Gen\u00e7ler Grup m\u00fcsabakalar\u0131 Denizli\u2019nin ev sahipli\u011finde ger\u00e7ekle\u015fecek.<br \/>\n<br \/>Gen\u00e7lik ve Spor Bakanl\u0131\u011f\u0131 koordinesinde d\u00fczenlenen Okul Sporlar\u0131 yar\u0131\u015fmalar\u0131nda heyecan devam ediyor. 2024-2025 Okul Sporlar\u0131 Faaliyet Takviminde yer alan Badminton Gen\u00e7ler Grup M\u00fcsabakalar\u0131, Denizli\u2019nin ev sahipli\u011finde 4-6 \u015eubat 2025 tarihleri aras\u0131nda Hasan G\u00fcng\u00f6r Spor Salonu\u2019nda yap\u0131lacak. Denizli Gen\u00e7lik ve Spor \u0130l M\u00fcd\u00fcrl\u00fc\u011f\u00fc\u2019n\u00fcn organize edece\u011fi m\u00fcsabakalarda, 12 farkl\u0131 ilden 14 k\u0131z, 15 erkek toplam 29 tak\u0131mdan 154 sporcu m\u00fccadele edecek. T\u00fcrkiye \u015eampiyonas\u0131 bileti i\u00e7in sahaya \u00e7\u0131kacak tak\u0131mlar Hasan G\u00fcng\u00f6r Spor Salonunda ter d\u00f6kecek. Organizasyona ev sahipli\u011fi yapacak Gen\u00e7lik ve Spor \u0130l M\u00fcd\u00fcrl\u00fc\u011f\u00fc\u2019nde haz\u0131rl\u0131klar s\u00fcrerken \u0130l M\u00fcd\u00fcr\u00fc \u00d6mer \u0130lman, yar\u0131\u015fmalara kat\u0131lacak t\u00fcm sporculara ve antren\u00f6rlere ba\u015far\u0131lar diledi. Yar\u0131\u015fmalar\u0131n teknik toplant\u0131s\u0131 3 \u015eubat 2025 Pazartesi g\u00fcn\u00fc Pamukkale Yurdu Sosyal Tesisleri\u2019nde yap\u0131lacak. \u015eampiyona a\u00e7\u0131l\u0131\u015f seremonisi 4 \u015eubat 2025 Sal\u0131 g\u00fcn\u00fc t\u00fcm sporcular\u0131n kat\u0131l\u0131m\u0131yla Hasan G\u00fcng\u00f6r Spor Salonunda ger\u00e7ekle\u015fecek.<br \/><\/p>\n","protected":false},"excerpt":{"rendered":"<p>Gen\u00e7lik ve Spor Bakanl\u0131\u011f\u0131 koordinesinde d\u00fczenlenen okul sporlar\u0131 yar\u0131\u015flar\u0131nda Badminton Gen\u00e7ler Grup m\u00fcsabakalar\u0131 Denizli\u2019nin ev sahipli\u011finde ger\u00e7ekle\u015fecek. Gen\u00e7lik ve Spor Bakanl\u0131\u011f\u0131 koordinesinde d\u00fczenlenen Okul Sporlar\u0131 yar\u0131\u015fmalar\u0131nda heyecan devam ediyor. 2024-2025 Okul Sporlar\u0131 Faaliyet Takviminde yer alan Badminton Gen\u00e7ler Grup M\u00fcsabakalar\u0131, Denizli\u2019nin ev sahipli\u011finde 4-6 \u015eubat 2025 tarihleri aras\u0131nda Hasan G\u00fcng\u00f6r Spor Salonu\u2019nda yap\u0131lacak. Denizli Gen\u00e7lik&#8230;<\/p>\n","protected":false},"author":1,"featured_media":14004,"comment_status":"open","ping_status":"open","sticky":false,"template":"","format":"standard","meta":{"_crdt_document":"","footnotes":""},"categories":[4],"tags":[],"class_list":["post-14003","post","type-post","status-publish","format-standard","has-post-thumbnail","hentry","category-spor"],"_links":{"self":[{"href":"https:\/\/www.egemtv.com\/index.php?rest_route=\/wp\/v2\/posts\/14003","targetHints":{"allow":["GET"]}}],"collection":[{"href":"https:\/\/www.egemtv.com\/index.php?rest_route=\/wp\/v2\/posts"}],"about":[{"href":"https:\/\/www.egemtv.com\/index.php?rest_route=\/wp\/v2\/types\/post"}],"author":[{"embeddable":true,"href":"https:\/\/www.egemtv.com\/index.php?rest_route=\/wp\/v2\/users\/1"}],"replies":[{"embeddable":true,"href":"https:\/\/www.egemtv.com\/index.php?rest_route=%2Fwp%2Fv2%2Fcomments&post=14003"}],"version-history":[{"count":1,"href":"https:\/\/www.egemtv.com\/index.php?rest_route=\/wp\/v2\/posts\/14003\/revisions"}],"predecessor-version":[{"id":14005,"href":"https:\/\/www.egemtv.com\/index.php?rest_route=\/wp\/v2\/posts\/14003\/revisions\/14005"}],"wp:featuredmedia":[{"embeddable":true,"href":"https:\/\/www.egemtv.com\/index.php?rest_route=\/wp\/v2\/media\/14004"}],"wp:attachment":[{"href":"https:\/\/www.egemtv.com\/index.php?rest_route=%2Fwp%2Fv2%2Fmedia&parent=14003"}],"wp:term":[{"taxonomy":"category","embeddable":true,"href":"https:\/\/www.egemtv.com\/index.php?rest_route=%2Fwp%2Fv2%2Fcategories&post=14003"},{"taxonomy":"post_tag","embeddable":true,"href":"https:\/\/www.egemtv.com\/index.php?rest_route=%2Fwp%2Fv2%2Ftags&post=14003"}],"curies":[{"name":"wp","href":"https:\/\/api.w.org\/{rel}","templated":true}]}}