{"id":13997,"date":"2025-01-31T12:20:01","date_gmt":"2025-01-31T09:20:01","guid":{"rendered":"https:\/\/www.egemtv.com\/?p=13997"},"modified":"2025-01-31T12:20:04","modified_gmt":"2025-01-31T09:20:04","slug":"unlu-sanatci-altekin-bodrumda-hayatini-kaybetti","status":"publish","type":"post","link":"https:\/\/www.egemtv.com\/?p=13997","title":{"rendered":"\u00dcnl\u00fc sanat\u00e7\u0131 Altekin, Bodrum\u2019da hayat\u0131n\u0131 kaybetti"},"content":{"rendered":"<p>Tiyatro, televizyon, sinema ve seslendirme \u00e7al\u0131\u015fmalar\u0131 ile tan\u0131nan \u00fcnl\u00fc sanat\u00e7\u0131 Sezai Altekin, kalp yetmezli\u011fi nedeniyle Bodrum\u2019da ya\u015fad\u0131\u011f\u0131 evde 79 ya\u015f\u0131nda hayat\u0131n\u0131 kaybetti.<br \/>\n<br \/>Bodrum\u2019a ba\u011fl\u0131 G\u00fcndo\u011fan Mahallesi\u2019nde ya\u015fayan oyuncu ve seslendirme sanat\u00e7\u0131s\u0131 Sezai Altekin gece saatlerinde evinde kalp yetmezli\u011fi rahats\u0131zl\u0131\u011f\u0131 nedeniyle hayat\u0131n\u0131 kaybetti. \u00dcnl\u00fc sanat\u00e7\u0131n\u0131n \u00f6l\u00fcm haberi sevenlerini yasa bo\u011farken, Altekin\u2019in cenazesinin bug\u00fcn ikindi namaz\u0131n\u0131 m\u00fcteakip G\u00fcndo\u011fan Mezarl\u0131\u011f\u0131\u2019nda defnedilece\u011fi belirtildi.<br \/>\n<br \/>\u00dcnl\u00fc sanat\u00e7\u0131 Altekin, \u00e7izgi film karakterleri &#8220;\u015eirin Baba&#8221;, &#8220;Bugs Bunny&#8221; ve &#8220;Barni Molozta\u015f&#8221;\u0131 seslendirirken, 50 tiyatro oyunu, 6 film ve 20\u2019ye yak\u0131n da dizide rol alm\u0131\u015ft\u0131.<br \/><\/p>\n","protected":false},"excerpt":{"rendered":"<p>Tiyatro, televizyon, sinema ve seslendirme \u00e7al\u0131\u015fmalar\u0131 ile tan\u0131nan \u00fcnl\u00fc sanat\u00e7\u0131 Sezai Altekin, kalp yetmezli\u011fi nedeniyle Bodrum\u2019da ya\u015fad\u0131\u011f\u0131 evde 79 ya\u015f\u0131nda hayat\u0131n\u0131 kaybetti. Bodrum\u2019a ba\u011fl\u0131 G\u00fcndo\u011fan Mahallesi\u2019nde ya\u015fayan oyuncu ve seslendirme sanat\u00e7\u0131s\u0131 Sezai Altekin gece saatlerinde evinde kalp yetmezli\u011fi rahats\u0131zl\u0131\u011f\u0131 nedeniyle hayat\u0131n\u0131 kaybetti. \u00dcnl\u00fc sanat\u00e7\u0131n\u0131n \u00f6l\u00fcm haberi sevenlerini yasa bo\u011farken, Altekin\u2019in cenazesinin bug\u00fcn ikindi namaz\u0131n\u0131 m\u00fcteakip&#8230;<\/p>\n","protected":false},"author":1,"featured_media":13998,"comment_status":"open","ping_status":"open","sticky":false,"template":"","format":"standard","meta":{"_crdt_document":"","footnotes":""},"categories":[1],"tags":[],"class_list":["post-13997","post","type-post","status-publish","format-standard","has-post-thumbnail","hentry","category-guncel"],"_links":{"self":[{"href":"https:\/\/www.egemtv.com\/index.php?rest_route=\/wp\/v2\/posts\/13997","targetHints":{"allow":["GET"]}}],"collection":[{"href":"https:\/\/www.egemtv.com\/index.php?rest_route=\/wp\/v2\/posts"}],"about":[{"href":"https:\/\/www.egemtv.com\/index.php?rest_route=\/wp\/v2\/types\/post"}],"author":[{"embeddable":true,"href":"https:\/\/www.egemtv.com\/index.php?rest_route=\/wp\/v2\/users\/1"}],"replies":[{"embeddable":true,"href":"https:\/\/www.egemtv.com\/index.php?rest_route=%2Fwp%2Fv2%2Fcomments&post=13997"}],"version-history":[{"count":1,"href":"https:\/\/www.egemtv.com\/index.php?rest_route=\/wp\/v2\/posts\/13997\/revisions"}],"predecessor-version":[{"id":13999,"href":"https:\/\/www.egemtv.com\/index.php?rest_route=\/wp\/v2\/posts\/13997\/revisions\/13999"}],"wp:featuredmedia":[{"embeddable":true,"href":"https:\/\/www.egemtv.com\/index.php?rest_route=\/wp\/v2\/media\/13998"}],"wp:attachment":[{"href":"https:\/\/www.egemtv.com\/index.php?rest_route=%2Fwp%2Fv2%2Fmedia&parent=13997"}],"wp:term":[{"taxonomy":"category","embeddable":true,"href":"https:\/\/www.egemtv.com\/index.php?rest_route=%2Fwp%2Fv2%2Fcategories&post=13997"},{"taxonomy":"post_tag","embeddable":true,"href":"https:\/\/www.egemtv.com\/index.php?rest_route=%2Fwp%2Fv2%2Ftags&post=13997"}],"curies":[{"name":"wp","href":"https:\/\/api.w.org\/{rel}","templated":true}]}}