{"id":13994,"date":"2025-01-31T12:18:09","date_gmt":"2025-01-31T09:18:09","guid":{"rendered":"https:\/\/www.egemtv.com\/?p=13994"},"modified":"2025-01-31T12:18:14","modified_gmt":"2025-01-31T09:18:14","slug":"aydinda-ithalat-dustu-ihracat-artti","status":"publish","type":"post","link":"https:\/\/www.egemtv.com\/?p=13994","title":{"rendered":"Ayd\u0131n\u2019da ithalat d\u00fc\u015ft\u00fc, ihracat artt\u0131"},"content":{"rendered":"<p>\u00d6nemli ihracat \u00fcr\u00fcnleriyle T\u00fcrkiye ekonomisine katk\u0131 sa\u011flayan Ayd\u0131n\u2019da 2024 y\u0131l\u0131nda ithalat bir \u00f6nceki y\u0131la g\u00f6re y\u00fczde 2 d\u00fc\u015ferken, ihracat y\u00fczde 4 artt\u0131.<\/p>\n<p>Ayd\u0131n\u2019\u0131n 2024 y\u0131l\u0131 ithalat ve ihracat rakamlar\u0131 belli oldu. T\u00dc\u0130K verilerine g\u00f6re Ayd\u0131n\u2019da 2023 y\u0131l\u0131nda 638 milyon 392 bin dolar olan ithalat rakamlar\u0131, 2024 y\u0131l\u0131nda y\u00fczde 2\u2019lik d\u00fc\u015f\u00fc\u015fle 625 milyon 282 bin dolar oldu. Yine 2023 y\u0131l\u0131nda 1 milyar 174 milyon 632 bin dolar olan ihracat rakamlar\u0131 ise 2024 y\u0131l\u0131nda y\u00fczde 4\u2019l\u00fck art\u0131\u015fla 1 milyar 224 milyon 687 bin dolar olarak ger\u00e7ekle\u015fti.<\/p>\n<p>Aral\u0131k ay\u0131nda ithalat y\u00fczde 57 d\u00fc\u015ft\u00fc<br \/>\n<br \/>Ayd\u0131n\u2019da 2024 Ocak-Aral\u0131k d\u00f6nemlerinde en \u00e7ok ithalat 84 milyon 447 bin dolar ile A\u011fustos ay\u0131nda ger\u00e7ekle\u015ftirilirken, en d\u00fc\u015f\u00fck ithalat\u0131n yap\u0131ld\u0131\u011f\u0131 ay ise 19 milyon 402 bin dolar ile Kas\u0131m ay\u0131 oldu. Ge\u00e7ti\u011fimiz 2024 Aral\u0131k ay\u0131n\u0131n ithalat rakam\u0131 da bir \u00f6nceki y\u0131l\u0131n ayn\u0131 ay\u0131na g\u00f6re yakla\u015f\u0131k y\u00fczde 57 oranl\u0131k bir d\u00fc\u015f\u00fc\u015fle 21 milyon 919 bin dolar olarak ger\u00e7ekle\u015fti.<\/p>\n<p>Aral\u0131k ay\u0131nda ihracat y\u00fczde 1,5 d\u00fc\u015ft\u00fc<br \/>\n<br \/>Ayd\u0131n\u2019da 2024 Ocak-Aral\u0131k d\u00f6nemlerinde en \u00e7ok ihracat 124 milyon 823 bin dolar ile Ekim ay\u0131nda ger\u00e7ekle\u015ftirilirken, en d\u00fc\u015f\u00fck ihracat\u0131n yap\u0131ld\u0131\u011f\u0131 ay ise 83 milyon 308 bin dolar ile Haziran ay\u0131 oldu. Ge\u00e7ti\u011fimiz 2024 Aral\u0131k ay\u0131n\u0131n ihracat rakam\u0131 da bir \u00f6nceki y\u0131l\u0131n ayn\u0131 ay\u0131na g\u00f6re yakla\u015f\u0131k y\u00fczde 1,5 oranl\u0131k bir d\u00fc\u015f\u00fc\u015fle 113 milyon 104 bin dolar olarak ger\u00e7ekle\u015fti.<br \/><\/p>\n","protected":false},"excerpt":{"rendered":"<p>\u00d6nemli ihracat \u00fcr\u00fcnleriyle T\u00fcrkiye ekonomisine katk\u0131 sa\u011flayan Ayd\u0131n\u2019da 2024 y\u0131l\u0131nda ithalat bir \u00f6nceki y\u0131la g\u00f6re y\u00fczde 2 d\u00fc\u015ferken, ihracat y\u00fczde 4 artt\u0131. Ayd\u0131n\u2019\u0131n 2024 y\u0131l\u0131 ithalat ve ihracat rakamlar\u0131 belli oldu. T\u00dc\u0130K verilerine g\u00f6re Ayd\u0131n\u2019da 2023 y\u0131l\u0131nda 638 milyon 392 bin dolar olan ithalat rakamlar\u0131, 2024 y\u0131l\u0131nda y\u00fczde 2\u2019lik d\u00fc\u015f\u00fc\u015fle 625 milyon 282 bin dolar&#8230;<\/p>\n","protected":false},"author":1,"featured_media":13995,"comment_status":"open","ping_status":"open","sticky":false,"template":"","format":"standard","meta":{"_crdt_document":"","footnotes":""},"categories":[125],"tags":[],"class_list":["post-13994","post","type-post","status-publish","format-standard","has-post-thumbnail","hentry","category-ekonomi"],"_links":{"self":[{"href":"https:\/\/www.egemtv.com\/index.php?rest_route=\/wp\/v2\/posts\/13994","targetHints":{"allow":["GET"]}}],"collection":[{"href":"https:\/\/www.egemtv.com\/index.php?rest_route=\/wp\/v2\/posts"}],"about":[{"href":"https:\/\/www.egemtv.com\/index.php?rest_route=\/wp\/v2\/types\/post"}],"author":[{"embeddable":true,"href":"https:\/\/www.egemtv.com\/index.php?rest_route=\/wp\/v2\/users\/1"}],"replies":[{"embeddable":true,"href":"https:\/\/www.egemtv.com\/index.php?rest_route=%2Fwp%2Fv2%2Fcomments&post=13994"}],"version-history":[{"count":1,"href":"https:\/\/www.egemtv.com\/index.php?rest_route=\/wp\/v2\/posts\/13994\/revisions"}],"predecessor-version":[{"id":13996,"href":"https:\/\/www.egemtv.com\/index.php?rest_route=\/wp\/v2\/posts\/13994\/revisions\/13996"}],"wp:featuredmedia":[{"embeddable":true,"href":"https:\/\/www.egemtv.com\/index.php?rest_route=\/wp\/v2\/media\/13995"}],"wp:attachment":[{"href":"https:\/\/www.egemtv.com\/index.php?rest_route=%2Fwp%2Fv2%2Fmedia&parent=13994"}],"wp:term":[{"taxonomy":"category","embeddable":true,"href":"https:\/\/www.egemtv.com\/index.php?rest_route=%2Fwp%2Fv2%2Fcategories&post=13994"},{"taxonomy":"post_tag","embeddable":true,"href":"https:\/\/www.egemtv.com\/index.php?rest_route=%2Fwp%2Fv2%2Ftags&post=13994"}],"curies":[{"name":"wp","href":"https:\/\/api.w.org\/{rel}","templated":true}]}}