{"id":13991,"date":"2025-01-31T12:12:22","date_gmt":"2025-01-31T09:12:22","guid":{"rendered":"https:\/\/www.egemtv.com\/?p=13991"},"modified":"2025-01-31T12:12:26","modified_gmt":"2025-01-31T09:12:26","slug":"balikcidan-ornek-davranis-sehit-ailelerine-ucretsiz-balik","status":"publish","type":"post","link":"https:\/\/www.egemtv.com\/?p=13991","title":{"rendered":"Bal\u0131k\u00e7\u0131dan \u00f6rnek davran\u0131\u015f: \u015eehit ailelerine \u00fccretsiz bal\u0131k"},"content":{"rendered":"<p>Manisa\u2019n\u0131n Selendi il\u00e7esinde bal\u0131k\u00e7\u0131l\u0131k yapan 60 ya\u015f\u0131ndaki 2 \u00e7ocuk babas\u0131 Talip Aybek tezg\u00e2h\u0131na gelen \u015fehit ailelerine \u00fccretsiz bal\u0131k vererek \u00f6rnek bir davran\u0131\u015f sergiliyor.<br \/>\n<br \/>Aslen U\u015fakl\u0131 olan Selendi\u2019nin yerel pazar\u0131 olan Per\u015fembe g\u00fcnleri bal\u0131k tezg\u00e2h\u0131 a\u00e7an Talip Aybek il\u00e7ede \u00f6rnek bir davran\u0131\u015fa imza at\u0131yor. 40 y\u0131ld\u0131r bal\u0131k\u00e7\u0131l\u0131k yaparak ge\u00e7imini sa\u011flayan Talip Aybek, tezg\u00e2h\u0131na gelen \u015fehit ailelerinden \u00fccret alm\u0131yor.<br \/>\n<br \/>Tezg\u00e2h\u0131na a\u00e7t\u0131\u011f\u0131 pankartta \u2019Bu i\u015f yerinde \u015fehit ailelerinden \u00fccret al\u0131nmamaktad\u0131r\u2019 yazarak \u00f6rnek bir davran\u0131\u015f sergileyen Aybek, &#8220;Biz onlar\u0131n sayesinde bug\u00fcnlere geldik. Bunun bedelini \u015fehitlerimiz kanlar\u0131yla \u00f6demi\u015flerdir. Ruhlar\u0131 \u015fad, mekanlar\u0131 cennet olsun.&#8221; dedi.<br \/><\/p>\n","protected":false},"excerpt":{"rendered":"<p>Manisa\u2019n\u0131n Selendi il\u00e7esinde bal\u0131k\u00e7\u0131l\u0131k yapan 60 ya\u015f\u0131ndaki 2 \u00e7ocuk babas\u0131 Talip Aybek tezg\u00e2h\u0131na gelen \u015fehit ailelerine \u00fccretsiz bal\u0131k vererek \u00f6rnek bir davran\u0131\u015f sergiliyor. Aslen U\u015fakl\u0131 olan Selendi\u2019nin yerel pazar\u0131 olan Per\u015fembe g\u00fcnleri bal\u0131k tezg\u00e2h\u0131 a\u00e7an Talip Aybek il\u00e7ede \u00f6rnek bir davran\u0131\u015fa imza at\u0131yor. 40 y\u0131ld\u0131r bal\u0131k\u00e7\u0131l\u0131k yaparak ge\u00e7imini sa\u011flayan Talip Aybek, tezg\u00e2h\u0131na gelen \u015fehit ailelerinden&#8230;<\/p>\n","protected":false},"author":1,"featured_media":13992,"comment_status":"open","ping_status":"open","sticky":false,"template":"","format":"standard","meta":{"_crdt_document":"","footnotes":""},"categories":[123],"tags":[],"class_list":["post-13991","post","type-post","status-publish","format-standard","has-post-thumbnail","hentry","category-gundem"],"_links":{"self":[{"href":"https:\/\/www.egemtv.com\/index.php?rest_route=\/wp\/v2\/posts\/13991","targetHints":{"allow":["GET"]}}],"collection":[{"href":"https:\/\/www.egemtv.com\/index.php?rest_route=\/wp\/v2\/posts"}],"about":[{"href":"https:\/\/www.egemtv.com\/index.php?rest_route=\/wp\/v2\/types\/post"}],"author":[{"embeddable":true,"href":"https:\/\/www.egemtv.com\/index.php?rest_route=\/wp\/v2\/users\/1"}],"replies":[{"embeddable":true,"href":"https:\/\/www.egemtv.com\/index.php?rest_route=%2Fwp%2Fv2%2Fcomments&post=13991"}],"version-history":[{"count":1,"href":"https:\/\/www.egemtv.com\/index.php?rest_route=\/wp\/v2\/posts\/13991\/revisions"}],"predecessor-version":[{"id":13993,"href":"https:\/\/www.egemtv.com\/index.php?rest_route=\/wp\/v2\/posts\/13991\/revisions\/13993"}],"wp:featuredmedia":[{"embeddable":true,"href":"https:\/\/www.egemtv.com\/index.php?rest_route=\/wp\/v2\/media\/13992"}],"wp:attachment":[{"href":"https:\/\/www.egemtv.com\/index.php?rest_route=%2Fwp%2Fv2%2Fmedia&parent=13991"}],"wp:term":[{"taxonomy":"category","embeddable":true,"href":"https:\/\/www.egemtv.com\/index.php?rest_route=%2Fwp%2Fv2%2Fcategories&post=13991"},{"taxonomy":"post_tag","embeddable":true,"href":"https:\/\/www.egemtv.com\/index.php?rest_route=%2Fwp%2Fv2%2Ftags&post=13991"}],"curies":[{"name":"wp","href":"https:\/\/api.w.org\/{rel}","templated":true}]}}