{"id":13988,"date":"2025-01-31T12:12:17","date_gmt":"2025-01-31T09:12:17","guid":{"rendered":"https:\/\/www.egemtv.com\/?p=13988"},"modified":"2025-01-31T12:12:22","modified_gmt":"2025-01-31T09:12:22","slug":"huseyin-pehlivana-onemli-gorev","status":"publish","type":"post","link":"https:\/\/www.egemtv.com\/?p=13988","title":{"rendered":"H\u00fcseyin Pehlivan\u2019a \u00f6nemli g\u00f6rev"},"content":{"rendered":"<p>Alt\u0131nokta K\u00f6rler Derne\u011fi Genel Merkezinin Antalya\u2019da ger\u00e7ekle\u015ftirilen 34. Ola\u011fan Genel Kurulu\u2019nda Alt\u0131nokta K\u00f6rler Derne\u011fi Manisa \u015eube Ba\u015fkan\u0131 H\u00fcseyin Pehlivan Te\u015fkilatlardan Sorumlu Genel Ba\u015fkan Yard\u0131mc\u0131s\u0131 oldu.<br \/>\n<br \/>Alt\u0131nokta K\u00f6rler Derne\u011fi Genel Merkezinin 34. Ola\u011fan Genel Kurulu,  Antalya\u2019da ger\u00e7ekle\u015fti. Genel kurul sonucunda, Yusuf Dugan\u2019\u0131n ba\u015fkanl\u0131\u011f\u0131ndaki y\u00f6netim listesinin se\u00e7imi kazanmas\u0131n\u0131n ard\u0131ndan, yeni y\u00f6netim kurulu \u00fcyeleri aras\u0131nda g\u00f6rev da\u011f\u0131l\u0131mlar\u0131 yap\u0131ld\u0131. Yakla\u015f\u0131k 8,5 y\u0131ld\u0131r Manisa \u015eube Ba\u015fkanl\u0131\u011f\u0131 g\u00f6revini s\u00fcrd\u00fcren H\u00fcseyin Pehlivan, Alt\u0131nokta K\u00f6rler Derne\u011fi Te\u015fkilattan Sorumlu Genel Ba\u015fkan Yard\u0131mc\u0131s\u0131 g\u00f6revine se\u00e7ildi.<br \/>\n<br \/>Ger\u00e7ekle\u015ftirilen kongre hakk\u0131nda a\u00e7\u0131klamalarda bulunan H\u00fcseyin Pehlivan &#8220;1950 y\u0131l\u0131nda kurulan Alt\u0131nokta K\u00f6rler Derne\u011fi, bu y\u0131l 75. y\u0131l\u0131n\u0131 kutlamaktad\u0131r. Manisa \u015fubemiz ise 2004 y\u0131l\u0131nda kurulmu\u015f olup, bu y\u0131l 21. y\u0131l\u0131n\u0131 geride b\u0131rakmaktad\u0131r. Derne\u011fimiz, T\u00fcrkiye genelinde 34 \u015fubesi ile g\u00f6rme engellilerin haklar\u0131n\u0131 savunmaya ve toplumda e\u015fit ya\u015fam hakk\u0131 i\u00e7in m\u00fccadele etmeye devam etmektedir. Alt\u0131nokta K\u00f6rler Derne\u011fi \u00e7at\u0131s\u0131 alt\u0131nda Kad\u0131n Meclisi ve Gen\u00e7lik Meclisi aktif olarak faaliyet g\u00f6stermektedir.Bu y\u0131lki Genel Kurulumuza Manisa ilimizden be\u015fi kad\u0131n, \u00fc\u00e7\u00fc erkek olmak \u00fczere sekiz delege ile kat\u0131l\u0131m sa\u011flad\u0131k. Yeni y\u00f6netimimizle birlikte, engelli bireylerin e\u011fitim, istihdam, eri\u015filebilirlik ve sosyal haklar\u0131 konusunda daha g\u00fc\u00e7l\u00fc ad\u0131mlar atmay\u0131 hedefliyoruz. Engelli haklar\u0131 m\u00fccadelesinde daha kapsay\u0131c\u0131 ve yenilik\u00e7i projeler hayata ge\u00e7irmek i\u00e7in kararl\u0131y\u0131z.<br \/>\n<br \/>G\u00fcc\u00fcm\u00fcze g\u00fc\u00e7 katmak i\u00e7in de te\u015fkilatlanma ya devam edece\u011fiz ve \u015fube say\u0131m\u0131z\u0131 artt\u0131rma \u00e7al\u0131\u015fmalar\u0131m\u0131z\u0131 ba\u015flataca\u011f\u0131z. Yeni d\u00f6nem hepimiz i\u00e7in, engelli camiam\u0131z i\u00e7in hay\u0131rl\u0131 olsun.&#8221; dedi.<br \/>\n<br \/>Genel Kurul toplant\u0131s\u0131 i\u00e7in kendilerine ula\u015f\u0131m deste\u011fi sa\u011flayan Manisa B\u00fcy\u00fck\u015fehir Belediye Ba\u015fkan\u0131 Ferdi Zeyrek\u2019e ayr\u0131ca te\u015fekk\u00fcr eden Pehlivan a\u00e7\u0131klamas\u0131n\u0131 \u015f\u00f6yle tamamlad\u0131: &#8220;S\u00f6z\u00fcn \u00f6z\u00fc; Eri\u015filebilir \u015fehirlerde ya\u015famak hepimizin hakk\u0131. Bunun i\u00e7in  birbirimizi anlamal\u0131y\u0131z, tamamlamal\u0131y\u0131z.&#8221;<br \/><\/p>\n","protected":false},"excerpt":{"rendered":"<p>Alt\u0131nokta K\u00f6rler Derne\u011fi Genel Merkezinin Antalya\u2019da ger\u00e7ekle\u015ftirilen 34. Ola\u011fan Genel Kurulu\u2019nda Alt\u0131nokta K\u00f6rler Derne\u011fi Manisa \u015eube Ba\u015fkan\u0131 H\u00fcseyin Pehlivan Te\u015fkilatlardan Sorumlu Genel Ba\u015fkan Yard\u0131mc\u0131s\u0131 oldu. Alt\u0131nokta K\u00f6rler Derne\u011fi Genel Merkezinin 34. Ola\u011fan Genel Kurulu, Antalya\u2019da ger\u00e7ekle\u015fti. Genel kurul sonucunda, Yusuf Dugan\u2019\u0131n ba\u015fkanl\u0131\u011f\u0131ndaki y\u00f6netim listesinin se\u00e7imi kazanmas\u0131n\u0131n ard\u0131ndan, yeni y\u00f6netim kurulu \u00fcyeleri aras\u0131nda g\u00f6rev da\u011f\u0131l\u0131mlar\u0131 yap\u0131ld\u0131&#8230;.<\/p>\n","protected":false},"author":1,"featured_media":13989,"comment_status":"open","ping_status":"open","sticky":false,"template":"","format":"standard","meta":{"_crdt_document":"","footnotes":""},"categories":[123],"tags":[],"class_list":["post-13988","post","type-post","status-publish","format-standard","has-post-thumbnail","hentry","category-gundem"],"_links":{"self":[{"href":"https:\/\/www.egemtv.com\/index.php?rest_route=\/wp\/v2\/posts\/13988","targetHints":{"allow":["GET"]}}],"collection":[{"href":"https:\/\/www.egemtv.com\/index.php?rest_route=\/wp\/v2\/posts"}],"about":[{"href":"https:\/\/www.egemtv.com\/index.php?rest_route=\/wp\/v2\/types\/post"}],"author":[{"embeddable":true,"href":"https:\/\/www.egemtv.com\/index.php?rest_route=\/wp\/v2\/users\/1"}],"replies":[{"embeddable":true,"href":"https:\/\/www.egemtv.com\/index.php?rest_route=%2Fwp%2Fv2%2Fcomments&post=13988"}],"version-history":[{"count":1,"href":"https:\/\/www.egemtv.com\/index.php?rest_route=\/wp\/v2\/posts\/13988\/revisions"}],"predecessor-version":[{"id":13990,"href":"https:\/\/www.egemtv.com\/index.php?rest_route=\/wp\/v2\/posts\/13988\/revisions\/13990"}],"wp:featuredmedia":[{"embeddable":true,"href":"https:\/\/www.egemtv.com\/index.php?rest_route=\/wp\/v2\/media\/13989"}],"wp:attachment":[{"href":"https:\/\/www.egemtv.com\/index.php?rest_route=%2Fwp%2Fv2%2Fmedia&parent=13988"}],"wp:term":[{"taxonomy":"category","embeddable":true,"href":"https:\/\/www.egemtv.com\/index.php?rest_route=%2Fwp%2Fv2%2Fcategories&post=13988"},{"taxonomy":"post_tag","embeddable":true,"href":"https:\/\/www.egemtv.com\/index.php?rest_route=%2Fwp%2Fv2%2Ftags&post=13988"}],"curies":[{"name":"wp","href":"https:\/\/api.w.org\/{rel}","templated":true}]}}