{"id":13985,"date":"2025-01-31T11:53:14","date_gmt":"2025-01-31T08:53:14","guid":{"rendered":"https:\/\/www.egemtv.com\/?p=13985"},"modified":"2025-01-31T11:53:19","modified_gmt":"2025-01-31T08:53:19","slug":"atb-tarafindan-basvurusu-yapilan-aydin-cam-fistigi-avrupa-birliginde-ilan-edildi","status":"publish","type":"post","link":"https:\/\/www.egemtv.com\/?p=13985","title":{"rendered":"ATB taraf\u0131ndan ba\u015fvurusu yap\u0131lan Ayd\u0131n \u00c7am F\u0131st\u0131\u011f\u0131 Avrupa Birli\u011fi\u2019nde ilan edildi"},"content":{"rendered":"<p>Ayd\u0131n Ticaret Borsas\u0131 taraf\u0131ndan 24 A\u011fustos 2023 tarihinde PDO-TR-02989 referans numaras\u0131yla Avrupa Birli\u011fi\u2019ne men\u015fe ad\u0131 korumas\u0131 kapsam\u0131nda ba\u015fvurusu yap\u0131lan Ayd\u0131n \u00c7am F\u0131st\u0131\u011f\u0131, ba\u015fvuru s\u00fcrecini ba\u015far\u0131yla tamamlayarak 31 Ocak 2025 tarihli ve C\/2025\/778 say\u0131l\u0131 Avrupa Komisyonu Resmi Gazetesi\u2019nde ilan edildi.<\/p>\n<p>Ayd\u0131n Ticaret Borsas\u0131 Y\u00f6netim Kurulu Ba\u015fkan\u0131 Fevzi \u00c7ondur, Ayd\u0131n iline \u00f6zg\u00fc tar\u0131msal de\u011ferlerin tan\u0131t\u0131m ve korunmas\u0131 konusundaki \u00e7al\u0131\u015fmalar\u0131n ba\u015far\u0131l\u0131 sonu\u00e7lar verdi\u011fini belirterek, Ayd\u0131n \u00c7am F\u0131st\u0131\u011f\u0131\u2019n\u0131n Avrupa Birli\u011fi Resm\u00ee Gazetesi\u2019nde ilan edilmesiyle ilgili a\u00e7\u0131klamada bulundu. \u00c7ondur, Ayd\u0131n ilinin tar\u0131msal de\u011ferlerini uluslararas\u0131 pazarda tan\u0131tma ve koruma hedefi do\u011frultusunda Avrupa Birli\u011fi co\u011frafi i\u015faret \u00e7al\u0131\u015fmalar\u0131na \u00f6zveriyle devam ettiklerini ifade etti. \u201cAyd\u0131n Kestanesinin ve Ayd\u0131n Memecik Zeytinya\u011f\u0131\u2019n\u0131n Avrupa Birli\u011fi\u2019nde tescilini sa\u011flayan ve Ayd\u0131n Memecik Zeytini\u2019nin de tescil s\u00fcrecinin tamamlanmas\u0131n\u0131 bekleyen Borsam\u0131z, \u015fimdi de Ayd\u0131n \u00c7am F\u0131st\u0131\u011f\u0131\u2019n\u0131n Avrupa Birli\u011fi Resm\u00ee Gazetesi\u2019nde ilan edilmesiyle \u00f6nemli bir ad\u0131m daha atm\u0131\u015ft\u0131r. \u00dc\u00e7 ayl\u0131k itiraz s\u00fcrecinin tamamlanmas\u0131n\u0131n ard\u0131ndan Ayd\u0131n \u00c7am F\u0131st\u0131\u011f\u0131, Avrupa Birli\u011fi tescil belgesini almaya hak kazanacakt\u0131r\u201d dedi.<\/p>\n<p>Ayd\u0131n ilinin Avrupa Birli\u011fi nezdinde en fazla co\u011frafi i\u015faretli \u00fcr\u00fcne sahip il olarak \u00fclkemizi uluslararas\u0131 alanda ba\u015far\u0131yla temsil etti\u011fini vurgulayan \u00c7ondur, \u201cBorsam\u0131z, men\u015fe ad\u0131 ile en \u00e7ok co\u011frafi i\u015faret tescili alan kurumlar aras\u0131nda birinci s\u0131rada yer almaktad\u0131r. Bu kapsamda Borsam\u0131z, tescilli co\u011frafi i\u015faretli \u00fcr\u00fcnlerimizin de\u011ferini art\u0131rarak bilinirli\u011fini y\u00fckseltmeye, ulusal ve uluslararas\u0131 pazardaki konumunu g\u00fc\u00e7lendirmeye devam edecektir\u201d \u015feklinde konu\u015ftu.<\/p>\n<p>Son olarak \u00c7ondur, Ayd\u0131n \u00c7am F\u0131st\u0131\u011f\u0131\u2019n\u0131n Avrupa Birli\u011fi Komisyonu\u2019ndaki t\u00fcm s\u00fcre\u00e7lerini \u00f6zveriyle y\u00fcr\u00fcten co\u011frafi i\u015faret dan\u0131\u015fman\u0131 Huriye \u00d6zener\u2019e, Ayd\u0131n Adnan Menderes \u00dcniversitesi Ziraat Fak\u00fcltesi Bah\u00e7e Bitkileri B\u00f6l\u00fcm\u00fc \u00d6\u011fretim \u00dcyesi Dr. Burak Erdem Alg\u00fcl\u2019e, T\u00fcrk Patent ve Marka Kurumu Ba\u015fkan\u0131 Prof. Dr. Muhammed Zeki Durak\u2019a, Birlik Ba\u015fkan\u0131m\u0131z M. Rifat Hisarc\u0131kl\u0131o\u011flu\u2019na ve eme\u011fi ge\u00e7en herkese te\u015fekk\u00fcr ederek, \u201c\u0130limize ve \u00dclkemize hay\u0131rl\u0131 olmas\u0131n\u0131 diliyorum\u201d dedi.<br \/><\/p>\n","protected":false},"excerpt":{"rendered":"<p>Ayd\u0131n Ticaret Borsas\u0131 taraf\u0131ndan 24 A\u011fustos 2023 tarihinde PDO-TR-02989 referans numaras\u0131yla Avrupa Birli\u011fi\u2019ne men\u015fe ad\u0131 korumas\u0131 kapsam\u0131nda ba\u015fvurusu yap\u0131lan Ayd\u0131n \u00c7am F\u0131st\u0131\u011f\u0131, ba\u015fvuru s\u00fcrecini ba\u015far\u0131yla tamamlayarak 31 Ocak 2025 tarihli ve C\/2025\/778 say\u0131l\u0131 Avrupa Komisyonu Resmi Gazetesi\u2019nde ilan edildi. Ayd\u0131n Ticaret Borsas\u0131 Y\u00f6netim Kurulu Ba\u015fkan\u0131 Fevzi \u00c7ondur, Ayd\u0131n iline \u00f6zg\u00fc tar\u0131msal de\u011ferlerin tan\u0131t\u0131m ve korunmas\u0131&#8230;<\/p>\n","protected":false},"author":1,"featured_media":13986,"comment_status":"open","ping_status":"open","sticky":false,"template":"","format":"standard","meta":{"_crdt_document":"","footnotes":""},"categories":[1],"tags":[],"class_list":["post-13985","post","type-post","status-publish","format-standard","has-post-thumbnail","hentry","category-guncel"],"_links":{"self":[{"href":"https:\/\/www.egemtv.com\/index.php?rest_route=\/wp\/v2\/posts\/13985","targetHints":{"allow":["GET"]}}],"collection":[{"href":"https:\/\/www.egemtv.com\/index.php?rest_route=\/wp\/v2\/posts"}],"about":[{"href":"https:\/\/www.egemtv.com\/index.php?rest_route=\/wp\/v2\/types\/post"}],"author":[{"embeddable":true,"href":"https:\/\/www.egemtv.com\/index.php?rest_route=\/wp\/v2\/users\/1"}],"replies":[{"embeddable":true,"href":"https:\/\/www.egemtv.com\/index.php?rest_route=%2Fwp%2Fv2%2Fcomments&post=13985"}],"version-history":[{"count":1,"href":"https:\/\/www.egemtv.com\/index.php?rest_route=\/wp\/v2\/posts\/13985\/revisions"}],"predecessor-version":[{"id":13987,"href":"https:\/\/www.egemtv.com\/index.php?rest_route=\/wp\/v2\/posts\/13985\/revisions\/13987"}],"wp:featuredmedia":[{"embeddable":true,"href":"https:\/\/www.egemtv.com\/index.php?rest_route=\/wp\/v2\/media\/13986"}],"wp:attachment":[{"href":"https:\/\/www.egemtv.com\/index.php?rest_route=%2Fwp%2Fv2%2Fmedia&parent=13985"}],"wp:term":[{"taxonomy":"category","embeddable":true,"href":"https:\/\/www.egemtv.com\/index.php?rest_route=%2Fwp%2Fv2%2Fcategories&post=13985"},{"taxonomy":"post_tag","embeddable":true,"href":"https:\/\/www.egemtv.com\/index.php?rest_route=%2Fwp%2Fv2%2Ftags&post=13985"}],"curies":[{"name":"wp","href":"https:\/\/api.w.org\/{rel}","templated":true}]}}