{"id":13982,"date":"2025-01-31T11:53:08","date_gmt":"2025-01-31T08:53:08","guid":{"rendered":"https:\/\/www.egemtv.com\/?p=13982"},"modified":"2025-01-31T11:53:13","modified_gmt":"2025-01-31T08:53:13","slug":"kutahyali-genc-yetenek-batuhan-karagoz-futbol-gelecegi-icin-umut-vadediyor","status":"publish","type":"post","link":"https:\/\/www.egemtv.com\/?p=13982","title":{"rendered":"K\u00fctahyal\u0131 gen\u00e7 yetenek Batuhan Karag\u00f6z, futbol gelece\u011fi i\u00e7in umut vadediyor"},"content":{"rendered":"<p>K\u00fctahya Spor Lisesi 2. s\u0131n\u0131f \u00f6\u011frencisi ve K\u00fctahya \u00d6zel \u0130darespor\u2019un forvet oyuncusu olan Batuhan Karag\u00f6z, futbol kariyerinde \u00f6nemli ad\u0131mlar at\u0131yor.<br \/>\n<br \/>Tav\u015fanl\u0131 il\u00e7esinde 5 ya\u015f\u0131nda iken Ak\u0131nc\u0131larspor alt yap\u0131s\u0131nda futbol hayat\u0131na ba\u015flayan ve \u015fimdi hen\u00fcz 16 ya\u015f\u0131nda olmas\u0131na ra\u011fmen, U16 kategorisinde g\u00f6sterdi\u011fi performansla dikkatleri \u00fczerine \u00e7eken Karag\u00f6z, disiplinli \u00e7al\u0131\u015fmalar\u0131 ve yetene\u011fiyle gelece\u011fin \u00f6nemli futbolcular\u0131ndan biri olaca\u011f\u0131n\u0131n sinyallerini veriyor. Batuhan Karag\u00f6z\u2019\u00fcn ba\u015far\u0131s\u0131n\u0131n ard\u0131nda, disiplinli ve d\u00fczenli \u00e7al\u0131\u015fmalar\u0131 yat\u0131yor. Antrenmanlara olan ba\u011fl\u0131l\u0131\u011f\u0131 ve s\u00fcrekli kendini geli\u015ftirme iste\u011fi, onu di\u011fer oyunculardan ay\u0131r\u0131yor. K\u00fctahya \u00d6zel \u0130darespor\u2019daki antren\u00f6rleri ve tak\u0131m arkada\u015flar\u0131, Karag\u00f6z\u2019\u00fcn azmi ve h\u0131rs\u0131na hayran kal\u0131yor. Forvet pozisyonunda g\u00f6rev yapan Batuhan Karag\u00f6z, golc\u00fcl\u00fck yetene\u011fiyle tak\u0131m\u0131na \u00f6nemli katk\u0131lar sa\u011fl\u0131yor. U16 kategorisinde forma giyen gen\u00e7 yetenek, att\u0131\u011f\u0131 gollerle tak\u0131m\u0131n\u0131 s\u0131kl\u0131kla galibiyete ta\u015f\u0131yor. Karag\u00f6z\u2019\u00fcn, ceza sahas\u0131 i\u00e7indeki bitiricili\u011fi ve oyun zekas\u0131, onu gelecekte daha da ba\u015far\u0131l\u0131 bir forvet oyuncusu yapaca\u011fa benziyor. Batuhan Karag\u00f6z\u2019\u00fcn futbol kariyerindeki y\u00fckseli\u015fi, spor kamuoyunun da dikkatini \u00e7ekiyor. Gen\u00e7 oyuncunun ma\u00e7lardaki performans\u0131 ve yetene\u011fi, futbolseverler taraf\u0131ndan takdirle kar\u015f\u0131lan\u0131yor. K\u00fctahya\u2019daki yerel spor bas\u0131n\u0131 da Karag\u00f6z\u2019\u00fcn ba\u015far\u0131lar\u0131n\u0131 yak\u0131ndan takip ediyor ve gen\u00e7 yetene\u011fi gelece\u011fin \u00f6nemli futbolcular\u0131ndan biri olarak g\u00f6r\u00fcyor. Batuhan Karag\u00f6z\u2019\u00fcn \u00f6ncelikli hedefi, futbol kariyerinde en \u00fcst seviyeye ula\u015fmak. Bunun i\u00e7in \u00e7ok \u00e7al\u0131\u015fmaya devam edece\u011fini belirten Karag\u00f6z, &#8220;Kendimi s\u00fcrekli geli\u015ftirerek, daha iyi bir futbolcu olmak istiyorum. Hedefim, profesyonel futbol hayat\u0131ma ba\u015flayarak \u00fclkemi ve tak\u0131m\u0131m\u0131 en iyi \u015fekilde temsil etmek&#8221; \u015feklinde konu\u015fuyor.<br \/>\n<br \/>Batuhan Karag\u00f6z gibi gen\u00e7 yeteneklerin T\u00fcrk futboluna kazand\u0131r\u0131lmas\u0131, \u00fclke futbolunun gelece\u011fi a\u00e7\u0131s\u0131ndan b\u00fcy\u00fck \u00f6nem ta\u015f\u0131yor. Karag\u00f6z\u2019\u00fcn disiplinli \u00e7al\u0131\u015fmalar\u0131 ve yetene\u011fi, onu gelecekte T\u00fcrk futboluna \u00f6nemli hizmetler edecek bir futbolcu yapaca\u011fa benziyor.<br \/><\/p>\n","protected":false},"excerpt":{"rendered":"<p>K\u00fctahya Spor Lisesi 2. s\u0131n\u0131f \u00f6\u011frencisi ve K\u00fctahya \u00d6zel \u0130darespor\u2019un forvet oyuncusu olan Batuhan Karag\u00f6z, futbol kariyerinde \u00f6nemli ad\u0131mlar at\u0131yor. Tav\u015fanl\u0131 il\u00e7esinde 5 ya\u015f\u0131nda iken Ak\u0131nc\u0131larspor alt yap\u0131s\u0131nda futbol hayat\u0131na ba\u015flayan ve \u015fimdi hen\u00fcz 16 ya\u015f\u0131nda olmas\u0131na ra\u011fmen, U16 kategorisinde g\u00f6sterdi\u011fi performansla dikkatleri \u00fczerine \u00e7eken Karag\u00f6z, disiplinli \u00e7al\u0131\u015fmalar\u0131 ve yetene\u011fiyle gelece\u011fin \u00f6nemli futbolcular\u0131ndan biri olaca\u011f\u0131n\u0131n&#8230;<\/p>\n","protected":false},"author":1,"featured_media":13983,"comment_status":"open","ping_status":"open","sticky":false,"template":"","format":"standard","meta":{"_crdt_document":"","footnotes":""},"categories":[4],"tags":[],"class_list":["post-13982","post","type-post","status-publish","format-standard","has-post-thumbnail","hentry","category-spor"],"_links":{"self":[{"href":"https:\/\/www.egemtv.com\/index.php?rest_route=\/wp\/v2\/posts\/13982","targetHints":{"allow":["GET"]}}],"collection":[{"href":"https:\/\/www.egemtv.com\/index.php?rest_route=\/wp\/v2\/posts"}],"about":[{"href":"https:\/\/www.egemtv.com\/index.php?rest_route=\/wp\/v2\/types\/post"}],"author":[{"embeddable":true,"href":"https:\/\/www.egemtv.com\/index.php?rest_route=\/wp\/v2\/users\/1"}],"replies":[{"embeddable":true,"href":"https:\/\/www.egemtv.com\/index.php?rest_route=%2Fwp%2Fv2%2Fcomments&post=13982"}],"version-history":[{"count":1,"href":"https:\/\/www.egemtv.com\/index.php?rest_route=\/wp\/v2\/posts\/13982\/revisions"}],"predecessor-version":[{"id":13984,"href":"https:\/\/www.egemtv.com\/index.php?rest_route=\/wp\/v2\/posts\/13982\/revisions\/13984"}],"wp:featuredmedia":[{"embeddable":true,"href":"https:\/\/www.egemtv.com\/index.php?rest_route=\/wp\/v2\/media\/13983"}],"wp:attachment":[{"href":"https:\/\/www.egemtv.com\/index.php?rest_route=%2Fwp%2Fv2%2Fmedia&parent=13982"}],"wp:term":[{"taxonomy":"category","embeddable":true,"href":"https:\/\/www.egemtv.com\/index.php?rest_route=%2Fwp%2Fv2%2Fcategories&post=13982"},{"taxonomy":"post_tag","embeddable":true,"href":"https:\/\/www.egemtv.com\/index.php?rest_route=%2Fwp%2Fv2%2Ftags&post=13982"}],"curies":[{"name":"wp","href":"https:\/\/api.w.org\/{rel}","templated":true}]}}