{"id":13979,"date":"2025-01-31T11:42:31","date_gmt":"2025-01-31T08:42:31","guid":{"rendered":"https:\/\/www.egemtv.com\/?p=13979"},"modified":"2025-01-31T11:42:37","modified_gmt":"2025-01-31T08:42:37","slug":"aydinda-19-duzensiz-gocmen-kurtarildi","status":"publish","type":"post","link":"https:\/\/www.egemtv.com\/?p=13979","title":{"rendered":"Ayd\u0131n\u2019da 19 d\u00fczensiz g\u00f6\u00e7men kurtar\u0131ld\u0131"},"content":{"rendered":"<p>Ayd\u0131n\u2019\u0131n Didim il\u00e7esinde lastik botun ar\u0131zalanmas\u0131 sonucu yard\u0131m isteyen 6\u2019s\u0131 \u00e7ocuk 19 d\u00fczensiz g\u00f6\u00e7men kurtar\u0131ld\u0131.<\/p>\n<p>Ayd\u0131n\u2019da Sahil G\u00fcvenlik Komutanl\u0131\u011f\u0131 koordinesinde d\u00fczensiz g\u00f6\u00e7 ile m\u00fccadeleye y\u00f6nelik \u00e7al\u0131\u015fmalar s\u00fcr\u00fcyor. Edinilen bilgiye g\u00f6re, Didim a\u00e7\u0131klar\u0131ndan Yunanistan\u2019a ge\u00e7meye \u00e7al\u0131\u015fan 6\u2019s\u0131 \u00e7ocuk 19 d\u00fczensiz g\u00f6\u00e7menin i\u00e7erisinde bulundu\u011fu lastik botun motoru ar\u0131zaland\u0131. S\u00fcr\u00fcklenmeye ba\u015flayan lastik bot i\u00e7erisindekiler, Sahil G\u00fcvenlik\u2019ten yard\u0131m talep etti. \u0130hbar \u00fczerine b\u00f6lgeye Sahil G\u00fcvenlik botu sevk edildi. K\u0131sa s\u00fcrede b\u00f6lgeye ula\u015fan ekipler, fiber karinal\u0131 lastik bot i\u00e7erisindeki 6\u2019s\u0131 \u00e7ocuk 19 d\u00fczensiz g\u00f6\u00e7meni kurtard\u0131. Genel sa\u011fl\u0131k kontrolleri yap\u0131lan d\u00fczensiz g\u00f6\u00e7menler, gerekli i\u015flemlerinin ard\u0131ndan Geri G\u00f6nderme Merkezi\u2019ne teslim edildi.<br \/><\/p>\n","protected":false},"excerpt":{"rendered":"<p>Ayd\u0131n\u2019\u0131n Didim il\u00e7esinde lastik botun ar\u0131zalanmas\u0131 sonucu yard\u0131m isteyen 6\u2019s\u0131 \u00e7ocuk 19 d\u00fczensiz g\u00f6\u00e7men kurtar\u0131ld\u0131. Ayd\u0131n\u2019da Sahil G\u00fcvenlik Komutanl\u0131\u011f\u0131 koordinesinde d\u00fczensiz g\u00f6\u00e7 ile m\u00fccadeleye y\u00f6nelik \u00e7al\u0131\u015fmalar s\u00fcr\u00fcyor. Edinilen bilgiye g\u00f6re, Didim a\u00e7\u0131klar\u0131ndan Yunanistan\u2019a ge\u00e7meye \u00e7al\u0131\u015fan 6\u2019s\u0131 \u00e7ocuk 19 d\u00fczensiz g\u00f6\u00e7menin i\u00e7erisinde bulundu\u011fu lastik botun motoru ar\u0131zaland\u0131. S\u00fcr\u00fcklenmeye ba\u015flayan lastik bot i\u00e7erisindekiler, Sahil G\u00fcvenlik\u2019ten yard\u0131m talep&#8230;<\/p>\n","protected":false},"author":1,"featured_media":13980,"comment_status":"open","ping_status":"open","sticky":false,"template":"","format":"standard","meta":{"_crdt_document":"","footnotes":""},"categories":[5],"tags":[],"class_list":["post-13979","post","type-post","status-publish","format-standard","has-post-thumbnail","hentry","category-asayis"],"_links":{"self":[{"href":"https:\/\/www.egemtv.com\/index.php?rest_route=\/wp\/v2\/posts\/13979","targetHints":{"allow":["GET"]}}],"collection":[{"href":"https:\/\/www.egemtv.com\/index.php?rest_route=\/wp\/v2\/posts"}],"about":[{"href":"https:\/\/www.egemtv.com\/index.php?rest_route=\/wp\/v2\/types\/post"}],"author":[{"embeddable":true,"href":"https:\/\/www.egemtv.com\/index.php?rest_route=\/wp\/v2\/users\/1"}],"replies":[{"embeddable":true,"href":"https:\/\/www.egemtv.com\/index.php?rest_route=%2Fwp%2Fv2%2Fcomments&post=13979"}],"version-history":[{"count":1,"href":"https:\/\/www.egemtv.com\/index.php?rest_route=\/wp\/v2\/posts\/13979\/revisions"}],"predecessor-version":[{"id":13981,"href":"https:\/\/www.egemtv.com\/index.php?rest_route=\/wp\/v2\/posts\/13979\/revisions\/13981"}],"wp:featuredmedia":[{"embeddable":true,"href":"https:\/\/www.egemtv.com\/index.php?rest_route=\/wp\/v2\/media\/13980"}],"wp:attachment":[{"href":"https:\/\/www.egemtv.com\/index.php?rest_route=%2Fwp%2Fv2%2Fmedia&parent=13979"}],"wp:term":[{"taxonomy":"category","embeddable":true,"href":"https:\/\/www.egemtv.com\/index.php?rest_route=%2Fwp%2Fv2%2Fcategories&post=13979"},{"taxonomy":"post_tag","embeddable":true,"href":"https:\/\/www.egemtv.com\/index.php?rest_route=%2Fwp%2Fv2%2Ftags&post=13979"}],"curies":[{"name":"wp","href":"https:\/\/api.w.org\/{rel}","templated":true}]}}