{"id":13973,"date":"2025-01-31T11:42:24","date_gmt":"2025-01-31T08:42:24","guid":{"rendered":"https:\/\/www.egemtv.com\/?p=13973"},"modified":"2025-01-31T11:42:29","modified_gmt":"2025-01-31T08:42:29","slug":"denizli-buyuksehir-emitt-2025te-denizlinin-dogal-guzelliklerini-tanitacak","status":"publish","type":"post","link":"https:\/\/www.egemtv.com\/?p=13973","title":{"rendered":"Denizli B\u00fcy\u00fck\u015fehir, EMITT 2025\u2019te Denizli\u2019nin Do\u011fal g\u00fczelliklerini tan\u0131tacak"},"content":{"rendered":"<p>Denizli B\u00fcy\u00fck\u015fehir Belediyesi, d\u00fcnyan\u0131n d\u00f6rt bir yan\u0131ndan gelen turizmcileri a\u011f\u0131rlayacak olan 28\u2019inci Uluslararas\u0131 Do\u011fu Akdeniz Turizm ve Seyahat Fuar\u0131 (EMITT) 2025\u2019te, \u015fehrin tarihi ve k\u00fclt\u00fcrel de\u011ferleri ile do\u011fal g\u00fczelliklerini tan\u0131tmak i\u00e7in yerini alacak.<\/p>\n<p>Denizli B\u00fcy\u00fck\u015fehir Belediyesi, 5-7 \u015eubat 2025 tarihleri aras\u0131nda \u0130stanbul T\u00dcYAP Fuar Merkezi\u2019nde 28\u2019inci Uluslararas\u0131 Do\u011fu Akdeniz Turizm ve Seyahat Fuar\u0131 &#8211; EMITT 2025\u2019te boy g\u00f6sterecek.  D\u00fcnyan\u0131n en b\u00fcy\u00fck 4 turizm fuar\u0131 aras\u0131nda g\u00f6sterilen her y\u0131l 30 Bine yak\u0131n sekt\u00f6r profesyonelini ve d\u00fcnyan\u0131n d\u00f6rt bir yan\u0131ndaki tatil destinasyonlar\u0131n\u0131n ve seyahat \u015firketlerinin sundu\u011fu yeni ve heyecan verici seyahat f\u0131rsatlar\u0131ndan faydalanmak isteyen binlerce tatil t\u00fcketicisini a\u011f\u0131rlayan fuarda \u2018Turizm \u015eehri Denizli\u2019 Denizli B\u00fcy\u00fck\u015fehir Belediyesince temsil edilecek.<\/p>\n<p>Denizli B\u00fcy\u00fck\u015fehir Belediyesi EMITT 2025 Fuar\u0131\u2019nda Hall-7 Standa-7471\u2019de yer alacak. Ziyaret\u00e7iler kentin tamam\u0131n\u0131 \u00f6zellikle \u2018Lykos\u2019u ke\u015ffet\u2019 slogan\u0131yla antik kentleri yak\u0131ndan tan\u0131ma f\u0131rsat\u0131n\u0131 burada yakalayacak.  Denizli\u2019nin turizm potansiyelini art\u0131rmak ve kente daha fazla turist \u00e7ekmek amac\u0131yla haz\u0131rlanan stantta, Denizli B\u00fcy\u00fck\u015fehir Belediyesi \u015fehrin \u00f6ne \u00e7\u0131kan de\u011ferlerini sunacak.<\/p>\n<p>Ba\u015fkan \u00c7avu\u015fo\u011flu\u2019ndan davet<br \/>\n<br \/>Denizli B\u00fcy\u00fck\u015fehir Belediye Ba\u015fkan\u0131 B\u00fclent Nuri \u00c7avu\u015fo\u011flu, Pamukkale\u2019nin beyaz travertenlerinden Lykos Vadisi kentlerine, termal turizmden k\u0131\u015f turizmi ve do\u011fa sporlar\u0131na kadar \u015fehir turizmini en etkili \u015fekilde tan\u0131tarak \u2018Turizm \u015eehri Denizli\u2019 hedefine uygun bir \u00e7al\u0131\u015fma ger\u00e7ekle\u015ftirdiklerini s\u00f6yledi. Ba\u015fkan \u00c7avu\u015fo\u011flu, bu vesileyle EMITT 2025\u2019e kat\u0131lan herkesi Denizli\u2019nin g\u00fczelliklerini g\u00f6rmeye Denizli B\u00fcy\u00fck\u015fehir Belediyesi stand\u0131na davet etti.<br \/><\/p>\n","protected":false},"excerpt":{"rendered":"<p>Denizli B\u00fcy\u00fck\u015fehir Belediyesi, d\u00fcnyan\u0131n d\u00f6rt bir yan\u0131ndan gelen turizmcileri a\u011f\u0131rlayacak olan 28\u2019inci Uluslararas\u0131 Do\u011fu Akdeniz Turizm ve Seyahat Fuar\u0131 (EMITT) 2025\u2019te, \u015fehrin tarihi ve k\u00fclt\u00fcrel de\u011ferleri ile do\u011fal g\u00fczelliklerini tan\u0131tmak i\u00e7in yerini alacak. Denizli B\u00fcy\u00fck\u015fehir Belediyesi, 5-7 \u015eubat 2025 tarihleri aras\u0131nda \u0130stanbul T\u00dcYAP Fuar Merkezi\u2019nde 28\u2019inci Uluslararas\u0131 Do\u011fu Akdeniz Turizm ve Seyahat Fuar\u0131 &#8211; EMITT&#8230;<\/p>\n","protected":false},"author":1,"featured_media":13974,"comment_status":"open","ping_status":"open","sticky":false,"template":"","format":"standard","meta":{"_crdt_document":"","footnotes":""},"categories":[1],"tags":[],"class_list":["post-13973","post","type-post","status-publish","format-standard","has-post-thumbnail","hentry","category-guncel"],"_links":{"self":[{"href":"https:\/\/www.egemtv.com\/index.php?rest_route=\/wp\/v2\/posts\/13973","targetHints":{"allow":["GET"]}}],"collection":[{"href":"https:\/\/www.egemtv.com\/index.php?rest_route=\/wp\/v2\/posts"}],"about":[{"href":"https:\/\/www.egemtv.com\/index.php?rest_route=\/wp\/v2\/types\/post"}],"author":[{"embeddable":true,"href":"https:\/\/www.egemtv.com\/index.php?rest_route=\/wp\/v2\/users\/1"}],"replies":[{"embeddable":true,"href":"https:\/\/www.egemtv.com\/index.php?rest_route=%2Fwp%2Fv2%2Fcomments&post=13973"}],"version-history":[{"count":1,"href":"https:\/\/www.egemtv.com\/index.php?rest_route=\/wp\/v2\/posts\/13973\/revisions"}],"predecessor-version":[{"id":13975,"href":"https:\/\/www.egemtv.com\/index.php?rest_route=\/wp\/v2\/posts\/13973\/revisions\/13975"}],"wp:featuredmedia":[{"embeddable":true,"href":"https:\/\/www.egemtv.com\/index.php?rest_route=\/wp\/v2\/media\/13974"}],"wp:attachment":[{"href":"https:\/\/www.egemtv.com\/index.php?rest_route=%2Fwp%2Fv2%2Fmedia&parent=13973"}],"wp:term":[{"taxonomy":"category","embeddable":true,"href":"https:\/\/www.egemtv.com\/index.php?rest_route=%2Fwp%2Fv2%2Fcategories&post=13973"},{"taxonomy":"post_tag","embeddable":true,"href":"https:\/\/www.egemtv.com\/index.php?rest_route=%2Fwp%2Fv2%2Ftags&post=13973"}],"curies":[{"name":"wp","href":"https:\/\/api.w.org\/{rel}","templated":true}]}}