{"id":13970,"date":"2025-01-31T11:31:38","date_gmt":"2025-01-31T08:31:38","guid":{"rendered":"https:\/\/www.egemtv.com\/?p=13970"},"modified":"2025-01-31T11:31:43","modified_gmt":"2025-01-31T08:31:43","slug":"bozkurt-belediyesinden-ogrencilere-yariyil-tatili-gezisi","status":"publish","type":"post","link":"https:\/\/www.egemtv.com\/?p=13970","title":{"rendered":"Bozkurt Belediyesinden \u00f6\u011frencilere yar\u0131y\u0131l tatili gezisi"},"content":{"rendered":"<p>Bozkurt Belediyesi yar\u0131y\u0131l tatilinde \u00f6\u011frencilerin keyifli vakit ge\u00e7irmeleri amac\u0131yla Merkezefendi Belediyesi Buz Pateni Pistine gezi d\u00fczenledi.<\/p>\n<p>Bozkurt Belediyesi yar\u0131y\u0131l tatilinde \u00e7ocuklar\u0131 unutmad\u0131.  \u00c7ocuklar\u0131n unutulmaz bir g\u00fcn ya\u015fatmak amac\u0131yla Bozkurt Belediyesi, Merkezefendi Buz Pateni Pistine gezi d\u00fczenledi. Buz pistinde paten yapmay\u0131 \u00f6\u011frenen \u00e7ocuklar e\u011flenceli zaman ge\u00e7irdi.<\/p>\n<p>Bozkurt Belediye Ba\u015fkan\u0131 Birsen \u00c7elik sosyal medyadan yapt\u0131\u011f\u0131 payla\u015f\u0131mda; \u201cS\u00f6mestr tatilindeki \u00e7ocuklar\u0131m\u0131za unutulmaz bir g\u00fcn ya\u015fatmak i\u00e7in harekete ge\u00e7tik. Belediyemizde bulu\u015ftu\u011fumuz \u00e7ocuklar\u0131m\u0131z\u0131 Merkezefendi Belediyemizin \u015fehrimize kazand\u0131rd\u0131\u011f\u0131 buz pateni pistine g\u00f6nderdik. \u00c7ocuklar\u0131m\u0131z\u0131n keyifli ve g\u00fczel bir g\u00fcn ge\u00e7irmesine ev sahipli\u011fi yapan Merkezefendi Belediye Ba\u015fkan\u0131m\u0131z \u015eeniz Do\u011fan\u2019a te\u015fekk\u00fcr ederiz. Onlar\u0131n y\u00fcz\u00fcndeki g\u00fcl\u00fcmsenin bizlerdeki mutlulu\u011fu tarif edilemez\u201d ifadelerini kulland\u0131.<br \/><\/p>\n","protected":false},"excerpt":{"rendered":"<p>Bozkurt Belediyesi yar\u0131y\u0131l tatilinde \u00f6\u011frencilerin keyifli vakit ge\u00e7irmeleri amac\u0131yla Merkezefendi Belediyesi Buz Pateni Pistine gezi d\u00fczenledi. Bozkurt Belediyesi yar\u0131y\u0131l tatilinde \u00e7ocuklar\u0131 unutmad\u0131. \u00c7ocuklar\u0131n unutulmaz bir g\u00fcn ya\u015fatmak amac\u0131yla Bozkurt Belediyesi, Merkezefendi Buz Pateni Pistine gezi d\u00fczenledi. Buz pistinde paten yapmay\u0131 \u00f6\u011frenen \u00e7ocuklar e\u011flenceli zaman ge\u00e7irdi. Bozkurt Belediye Ba\u015fkan\u0131 Birsen \u00c7elik sosyal medyadan yapt\u0131\u011f\u0131 payla\u015f\u0131mda; \u201cS\u00f6mestr&#8230;<\/p>\n","protected":false},"author":1,"featured_media":13971,"comment_status":"open","ping_status":"open","sticky":false,"template":"","format":"standard","meta":{"_crdt_document":"","footnotes":""},"categories":[1],"tags":[],"class_list":["post-13970","post","type-post","status-publish","format-standard","has-post-thumbnail","hentry","category-guncel"],"_links":{"self":[{"href":"https:\/\/www.egemtv.com\/index.php?rest_route=\/wp\/v2\/posts\/13970","targetHints":{"allow":["GET"]}}],"collection":[{"href":"https:\/\/www.egemtv.com\/index.php?rest_route=\/wp\/v2\/posts"}],"about":[{"href":"https:\/\/www.egemtv.com\/index.php?rest_route=\/wp\/v2\/types\/post"}],"author":[{"embeddable":true,"href":"https:\/\/www.egemtv.com\/index.php?rest_route=\/wp\/v2\/users\/1"}],"replies":[{"embeddable":true,"href":"https:\/\/www.egemtv.com\/index.php?rest_route=%2Fwp%2Fv2%2Fcomments&post=13970"}],"version-history":[{"count":1,"href":"https:\/\/www.egemtv.com\/index.php?rest_route=\/wp\/v2\/posts\/13970\/revisions"}],"predecessor-version":[{"id":13972,"href":"https:\/\/www.egemtv.com\/index.php?rest_route=\/wp\/v2\/posts\/13970\/revisions\/13972"}],"wp:featuredmedia":[{"embeddable":true,"href":"https:\/\/www.egemtv.com\/index.php?rest_route=\/wp\/v2\/media\/13971"}],"wp:attachment":[{"href":"https:\/\/www.egemtv.com\/index.php?rest_route=%2Fwp%2Fv2%2Fmedia&parent=13970"}],"wp:term":[{"taxonomy":"category","embeddable":true,"href":"https:\/\/www.egemtv.com\/index.php?rest_route=%2Fwp%2Fv2%2Fcategories&post=13970"},{"taxonomy":"post_tag","embeddable":true,"href":"https:\/\/www.egemtv.com\/index.php?rest_route=%2Fwp%2Fv2%2Ftags&post=13970"}],"curies":[{"name":"wp","href":"https:\/\/api.w.org\/{rel}","templated":true}]}}