{"id":13967,"date":"2025-01-31T11:31:33","date_gmt":"2025-01-31T08:31:33","guid":{"rendered":"https:\/\/www.egemtv.com\/?p=13967"},"modified":"2025-01-31T11:31:38","modified_gmt":"2025-01-31T08:31:38","slug":"baskan-putunden-yeni-birlik-baskani-arslana-hayirli-olsun-ziyareti","status":"publish","type":"post","link":"https:\/\/www.egemtv.com\/?p=13967","title":{"rendered":"Ba\u015fkan P\u00fct\u00fcn\u2019den yeni Birlik Ba\u015fkan\u0131 Arslan\u2019a hay\u0131rl\u0131 olsun ziyareti"},"content":{"rendered":"<p>Beya\u011fa\u00e7 Belediye Ba\u015fkan\u0131 Sezayi P\u00fct\u00fcn, Denizli Dam\u0131zl\u0131k S\u0131\u011f\u0131r Yeti\u015ftiricileri Birli\u011fi (DDSYB) Ba\u015fkanl\u0131\u011f\u0131na se\u00e7ilen Veteriner Hekim Suat Arslan\u2019\u0131 hay\u0131rl\u0131 olsun ziyaretinde bulundu.<br \/>\n<br \/>Beya\u011fa\u00e7 Belediye Ba\u015fkan\u0131 Sezayi P\u00fct\u00fcn, DDSYB Ba\u015fkanl\u0131\u011f\u0131na se\u00e7ilen Veteriner Hekim Suat Arslan\u2019\u0131 ve y\u00f6netim kurulu \u00fcyelerini ziyaret etti. Yeni y\u00f6netime ba\u015far\u0131lar dileyen Ba\u015fkan P\u00fct\u00fcn; \u201cHayvanc\u0131l\u0131k sekt\u00f6r\u00fcne katk\u0131 sa\u011flayacak bu g\u00fc\u00e7l\u00fc y\u00f6netimin ba\u015far\u0131l\u0131 \u00e7al\u0131\u015fmalar ger\u00e7ekle\u015ftirece\u011fine inan\u0131yoruz\u201d dedi.<br \/><\/p>\n","protected":false},"excerpt":{"rendered":"<p>Beya\u011fa\u00e7 Belediye Ba\u015fkan\u0131 Sezayi P\u00fct\u00fcn, Denizli Dam\u0131zl\u0131k S\u0131\u011f\u0131r Yeti\u015ftiricileri Birli\u011fi (DDSYB) Ba\u015fkanl\u0131\u011f\u0131na se\u00e7ilen Veteriner Hekim Suat Arslan\u2019\u0131 hay\u0131rl\u0131 olsun ziyaretinde bulundu. Beya\u011fa\u00e7 Belediye Ba\u015fkan\u0131 Sezayi P\u00fct\u00fcn, DDSYB Ba\u015fkanl\u0131\u011f\u0131na se\u00e7ilen Veteriner Hekim Suat Arslan\u2019\u0131 ve y\u00f6netim kurulu \u00fcyelerini ziyaret etti. Yeni y\u00f6netime ba\u015far\u0131lar dileyen Ba\u015fkan P\u00fct\u00fcn; \u201cHayvanc\u0131l\u0131k sekt\u00f6r\u00fcne katk\u0131 sa\u011flayacak bu g\u00fc\u00e7l\u00fc y\u00f6netimin ba\u015far\u0131l\u0131 \u00e7al\u0131\u015fmalar ger\u00e7ekle\u015ftirece\u011fine&#8230;<\/p>\n","protected":false},"author":1,"featured_media":13968,"comment_status":"open","ping_status":"open","sticky":false,"template":"","format":"standard","meta":{"_crdt_document":"","footnotes":""},"categories":[127],"tags":[],"class_list":["post-13967","post","type-post","status-publish","format-standard","has-post-thumbnail","hentry","category-siyaset"],"_links":{"self":[{"href":"https:\/\/www.egemtv.com\/index.php?rest_route=\/wp\/v2\/posts\/13967","targetHints":{"allow":["GET"]}}],"collection":[{"href":"https:\/\/www.egemtv.com\/index.php?rest_route=\/wp\/v2\/posts"}],"about":[{"href":"https:\/\/www.egemtv.com\/index.php?rest_route=\/wp\/v2\/types\/post"}],"author":[{"embeddable":true,"href":"https:\/\/www.egemtv.com\/index.php?rest_route=\/wp\/v2\/users\/1"}],"replies":[{"embeddable":true,"href":"https:\/\/www.egemtv.com\/index.php?rest_route=%2Fwp%2Fv2%2Fcomments&post=13967"}],"version-history":[{"count":1,"href":"https:\/\/www.egemtv.com\/index.php?rest_route=\/wp\/v2\/posts\/13967\/revisions"}],"predecessor-version":[{"id":13969,"href":"https:\/\/www.egemtv.com\/index.php?rest_route=\/wp\/v2\/posts\/13967\/revisions\/13969"}],"wp:featuredmedia":[{"embeddable":true,"href":"https:\/\/www.egemtv.com\/index.php?rest_route=\/wp\/v2\/media\/13968"}],"wp:attachment":[{"href":"https:\/\/www.egemtv.com\/index.php?rest_route=%2Fwp%2Fv2%2Fmedia&parent=13967"}],"wp:term":[{"taxonomy":"category","embeddable":true,"href":"https:\/\/www.egemtv.com\/index.php?rest_route=%2Fwp%2Fv2%2Fcategories&post=13967"},{"taxonomy":"post_tag","embeddable":true,"href":"https:\/\/www.egemtv.com\/index.php?rest_route=%2Fwp%2Fv2%2Ftags&post=13967"}],"curies":[{"name":"wp","href":"https:\/\/api.w.org\/{rel}","templated":true}]}}