{"id":13919,"date":"2025-01-31T10:47:07","date_gmt":"2025-01-31T07:47:07","guid":{"rendered":"https:\/\/www.egemtv.com\/?p=13919"},"modified":"2025-01-31T10:47:13","modified_gmt":"2025-01-31T07:47:13","slug":"kom-ekiplerinden-aydin-merkezli-es-zamanli-operasyon-9-ton-etil-alkol-ele-gecirildi","status":"publish","type":"post","link":"https:\/\/www.egemtv.com\/?p=13919","title":{"rendered":"KOM ekiplerinden Ayd\u0131n merkezli e\u015f zamanl\u0131 operasyon: 9 ton etil alkol ele ge\u00e7irildi"},"content":{"rendered":"<p>Ayd\u0131n merkezli ger\u00e7ekle\u015ftirilen sahte etil alkol ve i\u00e7ki ka\u00e7ak\u00e7\u0131l\u0131\u011f\u0131 operasyonu kapsam\u0131nda 9 ton etil alkol ele ge\u00e7irildi. 15 \u015fah\u0131s hakk\u0131nda yasal i\u015flem yap\u0131l\u0131rken, g\u00f6zalt\u0131na al\u0131nan 6 \u015f\u00fcpheli adliyeye sevk edildi.<br \/>\n<br \/>Edinilen bilgiye g\u00f6re, Ayd\u0131n Cumhuriyet Ba\u015fsavc\u0131l\u0131\u011f\u0131 taraf\u0131ndan y\u00fcr\u00fct\u00fclen sahte etil alkol ve i\u00e7ki ka\u00e7ak\u00e7\u0131l\u0131\u011f\u0131 ile ilgili Ayd\u0131n \u0130l Emniyet M\u00fcd\u00fcrl\u00fc\u011f\u00fc Ka\u00e7ak\u00e7\u0131l\u0131k ve Organize Su\u00e7larla M\u00fccadele (KOM) \u015eube M\u00fcd\u00fcrl\u00fc\u011f\u00fc 2024 Kas\u0131m ay\u0131nda \u00e7al\u0131\u015fma ba\u015flatt\u0131. \u015e\u00fcpheliler hakk\u0131nda teknik ve fiziki takip sonucunda 15 \u015fah\u0131s hakk\u0131nda yasal i\u015flem yap\u0131ld\u0131. Ayd\u0131n ba\u015fta olmak \u00fczere; I\u011fd\u0131r, Samsun, Kayseri, Bursa, U\u015fak, Ankara, Denizli ve \u0130zmir illerinde yap\u0131lan aramalarda; 9 ton etil alkol, 71 litre alkoll\u00fc i\u00e7ki, 212 adet alkol aromas\u0131, 2 adet solvent ayr\u0131\u015ft\u0131rma makinesi, 630 adet 5 litrelik bo\u015f bidon, bin 500 adet kapak ve t\u0131pa, 15 adet \u015f\u0131r\u0131nga, damla \u00f6l\u00e7\u00fcm aleti, terazi ve folyo kaplama cihaz\u0131 ele ge\u00e7irildi.<\/p>\n<p>6 \u015f\u00fcpheli adliyeye sevk edildi<br \/>\n<br \/>D\u00fczenlenen e\u015f zamanl\u0131 operasyonlarda da; Ayd\u0131n\u2019da S.\u00c7., S.K., E.D., H.D., \u0130zmir\u2019de G.\u00c7., Mu\u011fla\u2019da E.T. yakalanarak g\u00f6zalt\u0131na al\u0131nd\u0131. Emniyetteki i\u015flemlerinin ard\u0131ndan 6 \u015f\u00fcpheli adliyeye sevk edildi.<br \/><\/p>\n","protected":false},"excerpt":{"rendered":"<p>Ayd\u0131n merkezli ger\u00e7ekle\u015ftirilen sahte etil alkol ve i\u00e7ki ka\u00e7ak\u00e7\u0131l\u0131\u011f\u0131 operasyonu kapsam\u0131nda 9 ton etil alkol ele ge\u00e7irildi. 15 \u015fah\u0131s hakk\u0131nda yasal i\u015flem yap\u0131l\u0131rken, g\u00f6zalt\u0131na al\u0131nan 6 \u015f\u00fcpheli adliyeye sevk edildi. Edinilen bilgiye g\u00f6re, Ayd\u0131n Cumhuriyet Ba\u015fsavc\u0131l\u0131\u011f\u0131 taraf\u0131ndan y\u00fcr\u00fct\u00fclen sahte etil alkol ve i\u00e7ki ka\u00e7ak\u00e7\u0131l\u0131\u011f\u0131 ile ilgili Ayd\u0131n \u0130l Emniyet M\u00fcd\u00fcrl\u00fc\u011f\u00fc Ka\u00e7ak\u00e7\u0131l\u0131k ve Organize Su\u00e7larla M\u00fccadele&#8230;<\/p>\n","protected":false},"author":1,"featured_media":13920,"comment_status":"open","ping_status":"open","sticky":false,"template":"","format":"standard","meta":{"_crdt_document":"","footnotes":""},"categories":[5],"tags":[],"class_list":["post-13919","post","type-post","status-publish","format-standard","has-post-thumbnail","hentry","category-asayis"],"_links":{"self":[{"href":"https:\/\/www.egemtv.com\/index.php?rest_route=\/wp\/v2\/posts\/13919","targetHints":{"allow":["GET"]}}],"collection":[{"href":"https:\/\/www.egemtv.com\/index.php?rest_route=\/wp\/v2\/posts"}],"about":[{"href":"https:\/\/www.egemtv.com\/index.php?rest_route=\/wp\/v2\/types\/post"}],"author":[{"embeddable":true,"href":"https:\/\/www.egemtv.com\/index.php?rest_route=\/wp\/v2\/users\/1"}],"replies":[{"embeddable":true,"href":"https:\/\/www.egemtv.com\/index.php?rest_route=%2Fwp%2Fv2%2Fcomments&post=13919"}],"version-history":[{"count":1,"href":"https:\/\/www.egemtv.com\/index.php?rest_route=\/wp\/v2\/posts\/13919\/revisions"}],"predecessor-version":[{"id":13925,"href":"https:\/\/www.egemtv.com\/index.php?rest_route=\/wp\/v2\/posts\/13919\/revisions\/13925"}],"wp:featuredmedia":[{"embeddable":true,"href":"https:\/\/www.egemtv.com\/index.php?rest_route=\/wp\/v2\/media\/13920"}],"wp:attachment":[{"href":"https:\/\/www.egemtv.com\/index.php?rest_route=%2Fwp%2Fv2%2Fmedia&parent=13919"}],"wp:term":[{"taxonomy":"category","embeddable":true,"href":"https:\/\/www.egemtv.com\/index.php?rest_route=%2Fwp%2Fv2%2Fcategories&post=13919"},{"taxonomy":"post_tag","embeddable":true,"href":"https:\/\/www.egemtv.com\/index.php?rest_route=%2Fwp%2Fv2%2Ftags&post=13919"}],"curies":[{"name":"wp","href":"https:\/\/api.w.org\/{rel}","templated":true}]}}