{"id":13913,"date":"2025-01-31T10:44:20","date_gmt":"2025-01-31T07:44:20","guid":{"rendered":"https:\/\/www.egemtv.com\/?p=13913"},"modified":"2025-01-31T10:44:27","modified_gmt":"2025-01-31T07:44:27","slug":"muglada-egitimde-yeni-hedefler-ikinci-doneme-guclu-baslangic","status":"publish","type":"post","link":"https:\/\/www.egemtv.com\/?p=13913","title":{"rendered":"Mu\u011fla\u2019da e\u011fitimde yeni hedefler ikinci d\u00f6neme g\u00fc\u00e7l\u00fc ba\u015flang\u0131\u00e7"},"content":{"rendered":"<p>Mu\u011fla\u2019da Milli E\u011fitim M\u00fcd\u00fcrl\u00fc\u011f\u00fc taraf\u0131ndan okullar\u0131n ikinci yar\u0131y\u0131l\u0131n\u0131n ba\u015flamas\u0131 \u00f6ncesinde yap\u0131lan toplant\u0131da e\u011fitim faaliyetleri ele al\u0131nd\u0131.<\/p>\n<p>Mu\u011fla \u0130l Mill\u00ee E\u011fitim M\u00fcd\u00fcrl\u00fc\u011f\u00fc, 2024-2025 e\u011fitim-\u00f6\u011fretim y\u0131l\u0131 ikinci d\u00f6nemine haz\u0131rl\u0131k kapsam\u0131nda \u00f6nemli bir toplant\u0131ya ev sahipli\u011fi yapt\u0131. Toplant\u0131da, \u201cT\u00fcrkiye Y\u00fczy\u0131l\u0131 Maarif Modeli\u201d \u00e7er\u00e7evesinde devam eden e\u011fitim faaliyetleri ba\u015fta olmak \u00fczere; Bakanl\u0131k ve yerel projeler, Mesleki e\u011fitim politikalar\u0131 ve y\u00fcr\u00fct\u00fclen \u00e7al\u0131\u015fmalar, Aile e\u011fitimi alan\u0131nda ger\u00e7ekle\u015ftirilen faaliyetler, Okullar\u0131n afetlere haz\u0131rl\u0131k s\u00fcreci gibi \u00f6nemli konular ele al\u0131nd\u0131.<br \/>\n<br \/>E\u011fitimde kalitenin art\u0131r\u0131lmas\u0131 ve okullarda g\u00fcvenli bir ortam sa\u011flanmas\u0131 ad\u0131na y\u00fcr\u00fct\u00fclen \u00e7al\u0131\u015fmalar\u0131n de\u011ferlendirildi\u011fi toplant\u0131da, ikinci d\u00f6nemde uygulanacak stratejiler belirlendi. Mu\u011fla \u0130l Mill\u00ee E\u011fitim M\u00fcd\u00fcr\u00fc Emre \u00c7ay ba\u015fkanl\u0131\u011f\u0131nda d\u00fczenlenen toplant\u0131ya, m\u00fcd\u00fcr yard\u0131mc\u0131lar\u0131, il\u00e7e mill\u00ee e\u011fitim m\u00fcd\u00fcrleri ve \u015fube m\u00fcd\u00fcrleri kat\u0131ld\u0131.<br \/><\/p>\n","protected":false},"excerpt":{"rendered":"<p>Mu\u011fla\u2019da Milli E\u011fitim M\u00fcd\u00fcrl\u00fc\u011f\u00fc taraf\u0131ndan okullar\u0131n ikinci yar\u0131y\u0131l\u0131n\u0131n ba\u015flamas\u0131 \u00f6ncesinde yap\u0131lan toplant\u0131da e\u011fitim faaliyetleri ele al\u0131nd\u0131. Mu\u011fla \u0130l Mill\u00ee E\u011fitim M\u00fcd\u00fcrl\u00fc\u011f\u00fc, 2024-2025 e\u011fitim-\u00f6\u011fretim y\u0131l\u0131 ikinci d\u00f6nemine haz\u0131rl\u0131k kapsam\u0131nda \u00f6nemli bir toplant\u0131ya ev sahipli\u011fi yapt\u0131. Toplant\u0131da, \u201cT\u00fcrkiye Y\u00fczy\u0131l\u0131 Maarif Modeli\u201d \u00e7er\u00e7evesinde devam eden e\u011fitim faaliyetleri ba\u015fta olmak \u00fczere; Bakanl\u0131k ve yerel projeler, Mesleki e\u011fitim politikalar\u0131 ve&#8230;<\/p>\n","protected":false},"author":1,"featured_media":13914,"comment_status":"open","ping_status":"open","sticky":false,"template":"","format":"standard","meta":{"_crdt_document":"","footnotes":""},"categories":[1],"tags":[],"class_list":["post-13913","post","type-post","status-publish","format-standard","has-post-thumbnail","hentry","category-guncel"],"_links":{"self":[{"href":"https:\/\/www.egemtv.com\/index.php?rest_route=\/wp\/v2\/posts\/13913","targetHints":{"allow":["GET"]}}],"collection":[{"href":"https:\/\/www.egemtv.com\/index.php?rest_route=\/wp\/v2\/posts"}],"about":[{"href":"https:\/\/www.egemtv.com\/index.php?rest_route=\/wp\/v2\/types\/post"}],"author":[{"embeddable":true,"href":"https:\/\/www.egemtv.com\/index.php?rest_route=\/wp\/v2\/users\/1"}],"replies":[{"embeddable":true,"href":"https:\/\/www.egemtv.com\/index.php?rest_route=%2Fwp%2Fv2%2Fcomments&post=13913"}],"version-history":[{"count":1,"href":"https:\/\/www.egemtv.com\/index.php?rest_route=\/wp\/v2\/posts\/13913\/revisions"}],"predecessor-version":[{"id":13915,"href":"https:\/\/www.egemtv.com\/index.php?rest_route=\/wp\/v2\/posts\/13913\/revisions\/13915"}],"wp:featuredmedia":[{"embeddable":true,"href":"https:\/\/www.egemtv.com\/index.php?rest_route=\/wp\/v2\/media\/13914"}],"wp:attachment":[{"href":"https:\/\/www.egemtv.com\/index.php?rest_route=%2Fwp%2Fv2%2Fmedia&parent=13913"}],"wp:term":[{"taxonomy":"category","embeddable":true,"href":"https:\/\/www.egemtv.com\/index.php?rest_route=%2Fwp%2Fv2%2Fcategories&post=13913"},{"taxonomy":"post_tag","embeddable":true,"href":"https:\/\/www.egemtv.com\/index.php?rest_route=%2Fwp%2Fv2%2Ftags&post=13913"}],"curies":[{"name":"wp","href":"https:\/\/api.w.org\/{rel}","templated":true}]}}