{"id":13910,"date":"2025-01-31T10:44:19","date_gmt":"2025-01-31T07:44:19","guid":{"rendered":"https:\/\/www.egemtv.com\/?p=13910"},"modified":"2025-01-31T10:44:20","modified_gmt":"2025-01-31T07:44:20","slug":"kiz-ogrencilere-yonelik-ara-donem-kampi-tamamlandi","status":"publish","type":"post","link":"https:\/\/www.egemtv.com\/?p=13910","title":{"rendered":"K\u0131z \u00f6\u011frencilere y\u00f6nelik ara d\u00f6nem kamp\u0131 tamamland\u0131"},"content":{"rendered":"<p>Afyonkarahisar \u0130l M\u00fcft\u00fcl\u00fc\u011f\u00fc rehberli\u011finde Gen\u00e7lik Koordinat\u00f6rl\u00fc\u011f\u00fc organizasyonuyla, ortaokul k\u0131z \u00f6\u011frencilerine y\u00f6nelik olarak 3 g\u00fcnl\u00fck ara d\u00f6nem gen\u00e7lik kamp\u0131 tamamland\u0131.<br \/>\n<br \/>\u00c7avu\u015fba\u015f Mahallesi\u2019nde d\u00fczenlenen kampta \u00f6\u011frenciler hem e\u011fitici hem de e\u011flenceli etkinliklerle dolu dolu vakit ge\u00e7irdi. Kamp\u0131n ikinci g\u00fcn\u00fcnde Afyonkarahisar \u0130l M\u00fcft\u00fcs\u00fc L\u00fctf\u00fc \u0130mamo\u011flu ve M\u00fcft\u00fc Yard\u0131mc\u0131s\u0131 Ay\u015feg\u00fcl Kurt, \u00f6\u011frencilerle bir araya geldi. Gen\u00e7lerle samimi bir sohbet ger\u00e7ekle\u015ftiren \u0130mamo\u011flu, manevi de\u011ferlere sahip \u00e7\u0131k\u0131lmas\u0131 \u00fczerine \u00f6nemli tavsiyelerde bulundu. M\u00fcft\u00fc Yard\u0131mc\u0131s\u0131 Ay\u015feg\u00fcl Kurt da \u00f6\u011frencileri tebrik ederek, onlarla namaz\u0131n hayat\u0131m\u0131zdaki anlam\u0131 \u00fczerine sohbet etti.<br \/>\n<br \/>Kampta \u00f6\u011frenciler, de\u011ferler e\u011fitimi, el sanatlar\u0131 at\u00f6lyeleri ve \u00e7e\u015fitli sosyal etkinliklerle hem \u00f6\u011frendi hem de keyifli vakit ge\u00e7irdi. Ayr\u0131ca \u00f6\u011frenciler, namaz vakitlerinde cemaatle ibadet etmenin huzurunu ya\u015farken, dini ve ahlaki konularda manevi dan\u0131\u015fmanlardan bilgi alma f\u0131rsat\u0131 buldu. Program\u0131n sonunda ise Kamil Demirdelen\u2019in e\u015fli\u011finde ger\u00e7ekle\u015ftirilen tasavvuf musikisi dinletisi ile \u00f6\u011frenciler, manevi bir atmosferde kamp\u0131 tamamlad\u0131.<br \/><\/p>\n","protected":false},"excerpt":{"rendered":"<p>Afyonkarahisar \u0130l M\u00fcft\u00fcl\u00fc\u011f\u00fc rehberli\u011finde Gen\u00e7lik Koordinat\u00f6rl\u00fc\u011f\u00fc organizasyonuyla, ortaokul k\u0131z \u00f6\u011frencilerine y\u00f6nelik olarak 3 g\u00fcnl\u00fck ara d\u00f6nem gen\u00e7lik kamp\u0131 tamamland\u0131. \u00c7avu\u015fba\u015f Mahallesi\u2019nde d\u00fczenlenen kampta \u00f6\u011frenciler hem e\u011fitici hem de e\u011flenceli etkinliklerle dolu dolu vakit ge\u00e7irdi. Kamp\u0131n ikinci g\u00fcn\u00fcnde Afyonkarahisar \u0130l M\u00fcft\u00fcs\u00fc L\u00fctf\u00fc \u0130mamo\u011flu ve M\u00fcft\u00fc Yard\u0131mc\u0131s\u0131 Ay\u015feg\u00fcl Kurt, \u00f6\u011frencilerle bir araya geldi. Gen\u00e7lerle samimi bir sohbet&#8230;<\/p>\n","protected":false},"author":1,"featured_media":13911,"comment_status":"open","ping_status":"open","sticky":false,"template":"","format":"standard","meta":{"_crdt_document":"","footnotes":""},"categories":[1],"tags":[],"class_list":["post-13910","post","type-post","status-publish","format-standard","has-post-thumbnail","hentry","category-guncel"],"_links":{"self":[{"href":"https:\/\/www.egemtv.com\/index.php?rest_route=\/wp\/v2\/posts\/13910","targetHints":{"allow":["GET"]}}],"collection":[{"href":"https:\/\/www.egemtv.com\/index.php?rest_route=\/wp\/v2\/posts"}],"about":[{"href":"https:\/\/www.egemtv.com\/index.php?rest_route=\/wp\/v2\/types\/post"}],"author":[{"embeddable":true,"href":"https:\/\/www.egemtv.com\/index.php?rest_route=\/wp\/v2\/users\/1"}],"replies":[{"embeddable":true,"href":"https:\/\/www.egemtv.com\/index.php?rest_route=%2Fwp%2Fv2%2Fcomments&post=13910"}],"version-history":[{"count":1,"href":"https:\/\/www.egemtv.com\/index.php?rest_route=\/wp\/v2\/posts\/13910\/revisions"}],"predecessor-version":[{"id":13912,"href":"https:\/\/www.egemtv.com\/index.php?rest_route=\/wp\/v2\/posts\/13910\/revisions\/13912"}],"wp:featuredmedia":[{"embeddable":true,"href":"https:\/\/www.egemtv.com\/index.php?rest_route=\/wp\/v2\/media\/13911"}],"wp:attachment":[{"href":"https:\/\/www.egemtv.com\/index.php?rest_route=%2Fwp%2Fv2%2Fmedia&parent=13910"}],"wp:term":[{"taxonomy":"category","embeddable":true,"href":"https:\/\/www.egemtv.com\/index.php?rest_route=%2Fwp%2Fv2%2Fcategories&post=13910"},{"taxonomy":"post_tag","embeddable":true,"href":"https:\/\/www.egemtv.com\/index.php?rest_route=%2Fwp%2Fv2%2Ftags&post=13910"}],"curies":[{"name":"wp","href":"https:\/\/api.w.org\/{rel}","templated":true}]}}