{"id":13904,"date":"2025-01-31T10:43:59","date_gmt":"2025-01-31T07:43:59","guid":{"rendered":"https:\/\/www.egemtv.com\/?p=13904"},"modified":"2025-01-31T10:44:08","modified_gmt":"2025-01-31T07:44:08","slug":"sosyal-medya-uzerinden-bandrolsuz-sigara-satisi-yapan-sahis-yakalandi","status":"publish","type":"post","link":"https:\/\/www.egemtv.com\/?p=13904","title":{"rendered":"Sosyal medya \u00fczerinden bandrols\u00fcz sigara sat\u0131\u015f\u0131 yapan \u015fah\u0131s yakaland\u0131"},"content":{"rendered":"<p>Ayd\u0131n\u2019\u0131n Ku\u015fadas\u0131 il\u00e7esinde sosyal medya \u00fczerinden bandrols\u00fcz sigara sat\u0131\u015f\u0131 yapan \u015fah\u0131s jandarma ekipleri taraf\u0131ndan yakalan\u0131rken, \u015f\u00fcphelinin evinde 187 adet bandrols\u00fcz ka\u00e7ak sigara ele ge\u00e7irildi.<\/p>\n<p>Edinilen bilgiye g\u00f6re, Ayd\u0131n \u0130l Jandarma Komutanl\u0131\u011f\u0131 Siber Su\u00e7larla M\u00fccadele \u015eube M\u00fcd\u00fcrl\u00fc\u011f\u00fcnce sanal devriye esnas\u0131nda M.E. isimli \u015f\u00fcpheli \u015fahs\u0131n sosyal medya \u00fczerinden bandrols\u00fcz sigara sat\u0131\u015f\u0131 yapt\u0131\u011f\u0131 tespit edildi. \u015e\u00fcphelinin Ku\u015fadas\u0131 il\u00e7esinde bulunan ikametinde Ku\u015fadas\u0131 \u0130l\u00e7e Jandarma Komutanl\u0131\u011f\u0131 ekiplerince yap\u0131lan aramalarda; 187 adet bandrols\u00fcz ka\u00e7ak sigara, 1 adet cep telefonu ele ge\u00e7irildi. Olayla ilgili adli ve idari s\u00fcrecin devam etti\u011fi \u00f6\u011frenildi.<br \/><\/p>\n","protected":false},"excerpt":{"rendered":"<p>Ayd\u0131n\u2019\u0131n Ku\u015fadas\u0131 il\u00e7esinde sosyal medya \u00fczerinden bandrols\u00fcz sigara sat\u0131\u015f\u0131 yapan \u015fah\u0131s jandarma ekipleri taraf\u0131ndan yakalan\u0131rken, \u015f\u00fcphelinin evinde 187 adet bandrols\u00fcz ka\u00e7ak sigara ele ge\u00e7irildi. Edinilen bilgiye g\u00f6re, Ayd\u0131n \u0130l Jandarma Komutanl\u0131\u011f\u0131 Siber Su\u00e7larla M\u00fccadele \u015eube M\u00fcd\u00fcrl\u00fc\u011f\u00fcnce sanal devriye esnas\u0131nda M.E. isimli \u015f\u00fcpheli \u015fahs\u0131n sosyal medya \u00fczerinden bandrols\u00fcz sigara sat\u0131\u015f\u0131 yapt\u0131\u011f\u0131 tespit edildi. \u015e\u00fcphelinin Ku\u015fadas\u0131 il\u00e7esinde&#8230;<\/p>\n","protected":false},"author":1,"featured_media":13905,"comment_status":"open","ping_status":"open","sticky":false,"template":"","format":"standard","meta":{"_crdt_document":"","footnotes":""},"categories":[5],"tags":[],"class_list":["post-13904","post","type-post","status-publish","format-standard","has-post-thumbnail","hentry","category-asayis"],"_links":{"self":[{"href":"https:\/\/www.egemtv.com\/index.php?rest_route=\/wp\/v2\/posts\/13904","targetHints":{"allow":["GET"]}}],"collection":[{"href":"https:\/\/www.egemtv.com\/index.php?rest_route=\/wp\/v2\/posts"}],"about":[{"href":"https:\/\/www.egemtv.com\/index.php?rest_route=\/wp\/v2\/types\/post"}],"author":[{"embeddable":true,"href":"https:\/\/www.egemtv.com\/index.php?rest_route=\/wp\/v2\/users\/1"}],"replies":[{"embeddable":true,"href":"https:\/\/www.egemtv.com\/index.php?rest_route=%2Fwp%2Fv2%2Fcomments&post=13904"}],"version-history":[{"count":1,"href":"https:\/\/www.egemtv.com\/index.php?rest_route=\/wp\/v2\/posts\/13904\/revisions"}],"predecessor-version":[{"id":13906,"href":"https:\/\/www.egemtv.com\/index.php?rest_route=\/wp\/v2\/posts\/13904\/revisions\/13906"}],"wp:featuredmedia":[{"embeddable":true,"href":"https:\/\/www.egemtv.com\/index.php?rest_route=\/wp\/v2\/media\/13905"}],"wp:attachment":[{"href":"https:\/\/www.egemtv.com\/index.php?rest_route=%2Fwp%2Fv2%2Fmedia&parent=13904"}],"wp:term":[{"taxonomy":"category","embeddable":true,"href":"https:\/\/www.egemtv.com\/index.php?rest_route=%2Fwp%2Fv2%2Fcategories&post=13904"},{"taxonomy":"post_tag","embeddable":true,"href":"https:\/\/www.egemtv.com\/index.php?rest_route=%2Fwp%2Fv2%2Ftags&post=13904"}],"curies":[{"name":"wp","href":"https:\/\/api.w.org\/{rel}","templated":true}]}}