{"id":13901,"date":"2025-01-31T10:43:50","date_gmt":"2025-01-31T07:43:50","guid":{"rendered":"https:\/\/www.egemtv.com\/?p=13901"},"modified":"2025-01-31T10:43:58","modified_gmt":"2025-01-31T07:43:58","slug":"egirdir-golunde-yasa-disi-avlanan-100-kilogram-canli-kerevit-gole-salindi","status":"publish","type":"post","link":"https:\/\/www.egemtv.com\/?p=13901","title":{"rendered":"E\u011firdir G\u00f6l\u00fc\u2019nde yasa d\u0131\u015f\u0131 avlanan 100 kilogram canl\u0131 kerevit g\u00f6le sal\u0131nd\u0131"},"content":{"rendered":"<p>Isparta\u2019daki E\u011firdir G\u00f6l\u00fc\u2019nde yasa d\u0131\u015f\u0131 avlanan 100 kilogram canl\u0131 kerevit yeniden g\u00f6le b\u0131rak\u0131ld\u0131.<br \/>\n<br \/>T\u00fcrkiye\u2019nin d\u00f6rd\u00fcnc\u00fc b\u00fcy\u00fck g\u00f6l\u00fc E\u011firdir G\u00f6l\u00fc\u2019nde yasa d\u0131\u015f\u0131 avc\u0131l\u0131kla m\u00fccadele aral\u0131ks\u0131z s\u00fcr\u00fcyor. 15 Kas\u0131m\u2019da ba\u015flayan kerevit av yasa\u011f\u0131 kapsam\u0131nda \u0130l\u00e7e Tar\u0131m ve Orman M\u00fcd\u00fcrl\u00fc\u011f\u00fc Su \u00dcr\u00fcnleri Kontrol ekiplerince E\u011firdir-Gelendost il\u00e7esi Yenice k\u00f6y\u00fc a\u00e7\u0131klar\u0131nda denetim yap\u0131ld\u0131. Yap\u0131lan kontrollerde ka\u00e7ak avc\u0131l\u0131kta kullan\u0131lan 230 adet pinter ele ge\u00e7irilirken, i\u00e7erisindeki 100 kilogram canl\u0131 kerevit g\u00f6le iade edildi.<br \/>\n<br \/>Denetimlere ili\u015fkin a\u00e7\u0131klamalarda bulunan Su \u00dcr\u00fcnleri M\u00fchendisi Dr. Bayram Korkmaz, &#8220;Kerevitlerimiz \u00fcreme d\u00f6neminde. Yakalad\u0131\u011f\u0131m\u0131z kerevitleri canl\u0131 olarak g\u00f6le iade ediyoruz. Kerevit pinterlerine ise 1380 say\u0131l\u0131 Su \u00dcr\u00fcnleri Kanunu gere\u011fi el koyuyoruz. S\u00fcrd\u00fcr\u00fclebilir bal\u0131k\u00e7\u0131l\u0131k ad\u0131na kontrol faaliyetlerimiz devam edecek&#8221; dedi.<br \/><\/p>\n","protected":false},"excerpt":{"rendered":"<p>Isparta\u2019daki E\u011firdir G\u00f6l\u00fc\u2019nde yasa d\u0131\u015f\u0131 avlanan 100 kilogram canl\u0131 kerevit yeniden g\u00f6le b\u0131rak\u0131ld\u0131. T\u00fcrkiye\u2019nin d\u00f6rd\u00fcnc\u00fc b\u00fcy\u00fck g\u00f6l\u00fc E\u011firdir G\u00f6l\u00fc\u2019nde yasa d\u0131\u015f\u0131 avc\u0131l\u0131kla m\u00fccadele aral\u0131ks\u0131z s\u00fcr\u00fcyor. 15 Kas\u0131m\u2019da ba\u015flayan kerevit av yasa\u011f\u0131 kapsam\u0131nda \u0130l\u00e7e Tar\u0131m ve Orman M\u00fcd\u00fcrl\u00fc\u011f\u00fc Su \u00dcr\u00fcnleri Kontrol ekiplerince E\u011firdir-Gelendost il\u00e7esi Yenice k\u00f6y\u00fc a\u00e7\u0131klar\u0131nda denetim yap\u0131ld\u0131. Yap\u0131lan kontrollerde ka\u00e7ak avc\u0131l\u0131kta kullan\u0131lan 230 adet&#8230;<\/p>\n","protected":false},"author":1,"featured_media":13902,"comment_status":"open","ping_status":"open","sticky":false,"template":"","format":"standard","meta":{"_crdt_document":"","footnotes":""},"categories":[1],"tags":[],"class_list":["post-13901","post","type-post","status-publish","format-standard","has-post-thumbnail","hentry","category-guncel"],"_links":{"self":[{"href":"https:\/\/www.egemtv.com\/index.php?rest_route=\/wp\/v2\/posts\/13901","targetHints":{"allow":["GET"]}}],"collection":[{"href":"https:\/\/www.egemtv.com\/index.php?rest_route=\/wp\/v2\/posts"}],"about":[{"href":"https:\/\/www.egemtv.com\/index.php?rest_route=\/wp\/v2\/types\/post"}],"author":[{"embeddable":true,"href":"https:\/\/www.egemtv.com\/index.php?rest_route=\/wp\/v2\/users\/1"}],"replies":[{"embeddable":true,"href":"https:\/\/www.egemtv.com\/index.php?rest_route=%2Fwp%2Fv2%2Fcomments&post=13901"}],"version-history":[{"count":1,"href":"https:\/\/www.egemtv.com\/index.php?rest_route=\/wp\/v2\/posts\/13901\/revisions"}],"predecessor-version":[{"id":13903,"href":"https:\/\/www.egemtv.com\/index.php?rest_route=\/wp\/v2\/posts\/13901\/revisions\/13903"}],"wp:featuredmedia":[{"embeddable":true,"href":"https:\/\/www.egemtv.com\/index.php?rest_route=\/wp\/v2\/media\/13902"}],"wp:attachment":[{"href":"https:\/\/www.egemtv.com\/index.php?rest_route=%2Fwp%2Fv2%2Fmedia&parent=13901"}],"wp:term":[{"taxonomy":"category","embeddable":true,"href":"https:\/\/www.egemtv.com\/index.php?rest_route=%2Fwp%2Fv2%2Fcategories&post=13901"},{"taxonomy":"post_tag","embeddable":true,"href":"https:\/\/www.egemtv.com\/index.php?rest_route=%2Fwp%2Fv2%2Ftags&post=13901"}],"curies":[{"name":"wp","href":"https:\/\/api.w.org\/{rel}","templated":true}]}}