{"id":13898,"date":"2025-01-31T10:29:53","date_gmt":"2025-01-31T07:29:53","guid":{"rendered":"https:\/\/www.egemtv.com\/?p=13898"},"modified":"2025-01-31T10:29:57","modified_gmt":"2025-01-31T07:29:57","slug":"babasinin-kullandigi-traktorun-altinda-kalarak-can-verdi","status":"publish","type":"post","link":"https:\/\/www.egemtv.com\/?p=13898","title":{"rendered":"Babas\u0131n\u0131n kulland\u0131\u011f\u0131 trakt\u00f6r\u00fcn alt\u0131nda kalarak can verdi"},"content":{"rendered":"<p>Ayd\u0131n\u2019\u0131n Bozdo\u011fan il\u00e7esinde yabanc\u0131 uyruklu 2 ya\u015f\u0131ndaki \u00e7ocuk, babas\u0131n\u0131n kulland\u0131\u011f\u0131 trakt\u00f6r\u00fcn alt\u0131nda kalarak hayat\u0131n\u0131 kaybetti.<br \/>\n<br \/>Olay, ak\u015fam saatlerinde meydana geldi. Edinilen bilgiye g\u00f6re, besicilik yapan yabanc\u0131 uyruklu ailenin 2 ya\u015f\u0131ndaki \u00e7ocu\u011fu Nazl\u0131 Elhammad\u0131 hen\u00fcz bilinmeyen bir nedenle babas\u0131n\u0131n kulland\u0131\u011f\u0131 trakt\u00f6r\u00fcn alt\u0131nda kald\u0131. 112 Acil \u00c7a\u011fr\u0131 Merkezi\u2019ne yap\u0131lan ihbar \u00fczerine b\u00f6lgeye sa\u011fl\u0131k ve polis ekipleri sevk edildi. K\u0131sa s\u00fcrede olay yerine gelen sa\u011fl\u0131k ekipleri yapt\u0131klar\u0131 kontrollerde \u00e7ocu\u011fun hayat\u0131n\u0131 kaybetti\u011fini tespit etti. K\u0131zlar\u0131n\u0131n ac\u0131 haberini alan aile yasa bo\u011fuldu. K\u00fc\u00e7\u00fck \u00e7ocu\u011fun cans\u0131z bedeni olay yeri inceleme \u00e7al\u0131\u015fmalar\u0131n\u0131n ard\u0131ndan hastane morguna kald\u0131r\u0131ld\u0131. Olayla ilgili inceleme s\u00fcr\u00fcyor.<br \/><\/p>\n","protected":false},"excerpt":{"rendered":"<p>Ayd\u0131n\u2019\u0131n Bozdo\u011fan il\u00e7esinde yabanc\u0131 uyruklu 2 ya\u015f\u0131ndaki \u00e7ocuk, babas\u0131n\u0131n kulland\u0131\u011f\u0131 trakt\u00f6r\u00fcn alt\u0131nda kalarak hayat\u0131n\u0131 kaybetti. Olay, ak\u015fam saatlerinde meydana geldi. Edinilen bilgiye g\u00f6re, besicilik yapan yabanc\u0131 uyruklu ailenin 2 ya\u015f\u0131ndaki \u00e7ocu\u011fu Nazl\u0131 Elhammad\u0131 hen\u00fcz bilinmeyen bir nedenle babas\u0131n\u0131n kulland\u0131\u011f\u0131 trakt\u00f6r\u00fcn alt\u0131nda kald\u0131. 112 Acil \u00c7a\u011fr\u0131 Merkezi\u2019ne yap\u0131lan ihbar \u00fczerine b\u00f6lgeye sa\u011fl\u0131k ve polis ekipleri sevk&#8230;<\/p>\n","protected":false},"author":1,"featured_media":13899,"comment_status":"open","ping_status":"open","sticky":false,"template":"","format":"standard","meta":{"_crdt_document":"","footnotes":""},"categories":[5],"tags":[],"class_list":["post-13898","post","type-post","status-publish","format-standard","has-post-thumbnail","hentry","category-asayis"],"_links":{"self":[{"href":"https:\/\/www.egemtv.com\/index.php?rest_route=\/wp\/v2\/posts\/13898","targetHints":{"allow":["GET"]}}],"collection":[{"href":"https:\/\/www.egemtv.com\/index.php?rest_route=\/wp\/v2\/posts"}],"about":[{"href":"https:\/\/www.egemtv.com\/index.php?rest_route=\/wp\/v2\/types\/post"}],"author":[{"embeddable":true,"href":"https:\/\/www.egemtv.com\/index.php?rest_route=\/wp\/v2\/users\/1"}],"replies":[{"embeddable":true,"href":"https:\/\/www.egemtv.com\/index.php?rest_route=%2Fwp%2Fv2%2Fcomments&post=13898"}],"version-history":[{"count":1,"href":"https:\/\/www.egemtv.com\/index.php?rest_route=\/wp\/v2\/posts\/13898\/revisions"}],"predecessor-version":[{"id":13900,"href":"https:\/\/www.egemtv.com\/index.php?rest_route=\/wp\/v2\/posts\/13898\/revisions\/13900"}],"wp:featuredmedia":[{"embeddable":true,"href":"https:\/\/www.egemtv.com\/index.php?rest_route=\/wp\/v2\/media\/13899"}],"wp:attachment":[{"href":"https:\/\/www.egemtv.com\/index.php?rest_route=%2Fwp%2Fv2%2Fmedia&parent=13898"}],"wp:term":[{"taxonomy":"category","embeddable":true,"href":"https:\/\/www.egemtv.com\/index.php?rest_route=%2Fwp%2Fv2%2Fcategories&post=13898"},{"taxonomy":"post_tag","embeddable":true,"href":"https:\/\/www.egemtv.com\/index.php?rest_route=%2Fwp%2Fv2%2Ftags&post=13898"}],"curies":[{"name":"wp","href":"https:\/\/api.w.org\/{rel}","templated":true}]}}