{"id":13895,"date":"2025-01-31T10:29:49","date_gmt":"2025-01-31T07:29:49","guid":{"rendered":"https:\/\/www.egemtv.com\/?p=13895"},"modified":"2025-01-31T10:29:52","modified_gmt":"2025-01-31T07:29:52","slug":"germencikte-10-ruhsatsiz-silah-ele-gecirildi","status":"publish","type":"post","link":"https:\/\/www.egemtv.com\/?p=13895","title":{"rendered":"Germencik\u2019te 10 ruhsats\u0131z silah ele ge\u00e7irildi"},"content":{"rendered":"<p>Ayd\u0131n\u2019\u0131n Germencik il\u00e7esinde 2 \u015f\u00fcphelinin i\u015fyerlerine yap\u0131lan bask\u0131nda 10 adet ruhsats\u0131z silah ele ge\u00e7irildi.<br \/>\n<br \/>Ayd\u0131n \u0130l Jandarma Komutanl\u0131\u011f\u0131 KOM \u015eube M\u00fcd\u00fcrl\u00fc\u011f\u00fc ve Germencik \u0130l\u00e7e Jandarma Komutanl\u0131\u011f\u0131 ekiplerince silah ka\u00e7ak\u00e7\u0131l\u0131\u011f\u0131 ve ruhsats\u0131z silah kullan\u0131m\u0131na y\u00f6nelik \u00e7al\u0131\u015fma ger\u00e7ekle\u015ftirildi. Edinilen bilgiye g\u00f6re ekipler, Germencik il\u00e7esinde M.S. ve K.E. isimli \u015f\u00fcpheli \u015fah\u0131slar\u0131n i\u015fyerlerine bask\u0131n d\u00fczenledi. Yap\u0131lan aramalarda 8 adet ruhsats\u0131z av t\u00fcfe\u011fi, 1 adet ruhsats\u0131z tam otomatik t\u00fcfek, 1 adet tabanca, 1 adet mu\u015fta, 200 adet av t\u00fcfe\u011fi fi\u015fe\u011fi, 70 adet tabanca fi\u015fe\u011fi ele ge\u00e7irildi. Yakalanarak g\u00f6zalt\u0131na al\u0131nan \u015f\u00fcpheli \u015fah\u0131slar hakk\u0131nda ba\u015flat\u0131lan adli s\u00fcre\u00e7 devam ediyor.<br \/><\/p>\n","protected":false},"excerpt":{"rendered":"<p>Ayd\u0131n\u2019\u0131n Germencik il\u00e7esinde 2 \u015f\u00fcphelinin i\u015fyerlerine yap\u0131lan bask\u0131nda 10 adet ruhsats\u0131z silah ele ge\u00e7irildi. Ayd\u0131n \u0130l Jandarma Komutanl\u0131\u011f\u0131 KOM \u015eube M\u00fcd\u00fcrl\u00fc\u011f\u00fc ve Germencik \u0130l\u00e7e Jandarma Komutanl\u0131\u011f\u0131 ekiplerince silah ka\u00e7ak\u00e7\u0131l\u0131\u011f\u0131 ve ruhsats\u0131z silah kullan\u0131m\u0131na y\u00f6nelik \u00e7al\u0131\u015fma ger\u00e7ekle\u015ftirildi. Edinilen bilgiye g\u00f6re ekipler, Germencik il\u00e7esinde M.S. ve K.E. isimli \u015f\u00fcpheli \u015fah\u0131slar\u0131n i\u015fyerlerine bask\u0131n d\u00fczenledi. Yap\u0131lan aramalarda 8 adet&#8230;<\/p>\n","protected":false},"author":1,"featured_media":13896,"comment_status":"open","ping_status":"open","sticky":false,"template":"","format":"standard","meta":{"_crdt_document":"","footnotes":""},"categories":[5],"tags":[],"class_list":["post-13895","post","type-post","status-publish","format-standard","has-post-thumbnail","hentry","category-asayis"],"_links":{"self":[{"href":"https:\/\/www.egemtv.com\/index.php?rest_route=\/wp\/v2\/posts\/13895","targetHints":{"allow":["GET"]}}],"collection":[{"href":"https:\/\/www.egemtv.com\/index.php?rest_route=\/wp\/v2\/posts"}],"about":[{"href":"https:\/\/www.egemtv.com\/index.php?rest_route=\/wp\/v2\/types\/post"}],"author":[{"embeddable":true,"href":"https:\/\/www.egemtv.com\/index.php?rest_route=\/wp\/v2\/users\/1"}],"replies":[{"embeddable":true,"href":"https:\/\/www.egemtv.com\/index.php?rest_route=%2Fwp%2Fv2%2Fcomments&post=13895"}],"version-history":[{"count":1,"href":"https:\/\/www.egemtv.com\/index.php?rest_route=\/wp\/v2\/posts\/13895\/revisions"}],"predecessor-version":[{"id":13897,"href":"https:\/\/www.egemtv.com\/index.php?rest_route=\/wp\/v2\/posts\/13895\/revisions\/13897"}],"wp:featuredmedia":[{"embeddable":true,"href":"https:\/\/www.egemtv.com\/index.php?rest_route=\/wp\/v2\/media\/13896"}],"wp:attachment":[{"href":"https:\/\/www.egemtv.com\/index.php?rest_route=%2Fwp%2Fv2%2Fmedia&parent=13895"}],"wp:term":[{"taxonomy":"category","embeddable":true,"href":"https:\/\/www.egemtv.com\/index.php?rest_route=%2Fwp%2Fv2%2Fcategories&post=13895"},{"taxonomy":"post_tag","embeddable":true,"href":"https:\/\/www.egemtv.com\/index.php?rest_route=%2Fwp%2Fv2%2Ftags&post=13895"}],"curies":[{"name":"wp","href":"https:\/\/api.w.org\/{rel}","templated":true}]}}