{"id":13889,"date":"2025-01-31T10:07:46","date_gmt":"2025-01-31T07:07:46","guid":{"rendered":"https:\/\/www.egemtv.com\/?p=13889"},"modified":"2025-01-31T10:07:50","modified_gmt":"2025-01-31T07:07:50","slug":"kutahyada-12-yasindaki-cocuga-kopek-saldirdi","status":"publish","type":"post","link":"https:\/\/www.egemtv.com\/?p=13889","title":{"rendered":"K\u00fctahya\u2019da 12 ya\u015f\u0131ndaki \u00e7ocu\u011fa k\u00f6pek sald\u0131rd\u0131"},"content":{"rendered":"<p>K\u00fctahya\u2019da 12 ya\u015f\u0131ndaki \u00e7ocuk sahipsiz k\u00f6peklerin sald\u0131r\u0131s\u0131ndan ka\u00e7mak isterken aya\u011f\u0131n\u0131 k\u0131rd\u0131. Mahallede bir ayda \u00fc\u00e7\u00fcnc\u00fc benzer sald\u0131r\u0131n\u0131n ya\u015fand\u0131\u011f\u0131n\u0131 belirten mahalle muhtar\u0131, sokak hayvanlar\u0131n\u0131n kontrols\u00fcz \u015fekilde beslenmesine tepki g\u00f6sterdi.<br \/>\n<br \/>B\u00f6rek\u00e7iler Mahallesi\u2019nde 12 ya\u015f\u0131ndaki bir \u00e7ocuk, sokak k\u00f6peklerinin sald\u0131r\u0131s\u0131na u\u011frad\u0131. Ka\u00e7maya \u00e7al\u0131\u015f\u0131rken aya\u011f\u0131n\u0131 k\u0131ran \u00e7ocu\u011fun tedavi alt\u0131na al\u0131nd\u0131\u011f\u0131, sa\u011fl\u0131k durumunun iyi oldu\u011fu \u00f6\u011frenildi. Mahalle muhtar\u0131 \u0130smail Ar\u0131, yapt\u0131\u011f\u0131 a\u00e7\u0131klamada, bu ay i\u00e7inde mahallede \u00fc\u00e7\u00fcnc\u00fc kez benzer bir sald\u0131r\u0131n\u0131n ya\u015fand\u0131\u011f\u0131n\u0131 belirtti. Sokak hayvanlar\u0131n\u0131n kontrols\u00fcz \u015fekilde beslenmesine tepki g\u00f6steren Ar\u0131, &#8220;Bug\u00fcn 12 ya\u015f\u0131ndaki evlad\u0131m\u0131z \u0130.E.Y., sokak k\u00f6peklerinin sald\u0131r\u0131s\u0131na u\u011frad\u0131 ve ka\u00e7arken aya\u011f\u0131 k\u0131r\u0131ld\u0131. \u00c7ok \u015f\u00fck\u00fcr durumu iyi. Ancak bu, mahallemizde ya\u015fanan \u00fc\u00e7\u00fcnc\u00fc sokak hayvan\u0131 sald\u0131r\u0131s\u0131. Sokaklarda bilin\u00e7sizce beslenen hayvanlar insanlara zarar veriyor. Biz de hayvanlar\u0131 seviyoruz, d\u00fc\u015fman de\u011filiz ama kontrols\u00fcz besleme nedeniyle can kay\u0131plar\u0131 ve yaralanmalar ya\u015fan\u0131yor. Sokak hayvanlar\u0131n\u0131n \u015fehir i\u00e7inde de\u011fil, daha \u0131ss\u0131z yerlerde bar\u0131nmas\u0131n\u0131 istiyoruz&#8221; dedi. Yetkililere \u00e7a\u011fr\u0131da bulunan muhtar Ar\u0131, mahallede gerekli \u00f6nlemlerin al\u0131nmas\u0131 gerekti\u011fini belirterek, vatanda\u015flar\u0131n da sokak hayvanlar\u0131n\u0131 bilin\u00e7li \u015fekilde beslemeleri konusunda duyarl\u0131 olmalar\u0131n\u0131 istedi.<br \/><\/p>\n","protected":false},"excerpt":{"rendered":"<p>K\u00fctahya\u2019da 12 ya\u015f\u0131ndaki \u00e7ocuk sahipsiz k\u00f6peklerin sald\u0131r\u0131s\u0131ndan ka\u00e7mak isterken aya\u011f\u0131n\u0131 k\u0131rd\u0131. Mahallede bir ayda \u00fc\u00e7\u00fcnc\u00fc benzer sald\u0131r\u0131n\u0131n ya\u015fand\u0131\u011f\u0131n\u0131 belirten mahalle muhtar\u0131, sokak hayvanlar\u0131n\u0131n kontrols\u00fcz \u015fekilde beslenmesine tepki g\u00f6sterdi. B\u00f6rek\u00e7iler Mahallesi\u2019nde 12 ya\u015f\u0131ndaki bir \u00e7ocuk, sokak k\u00f6peklerinin sald\u0131r\u0131s\u0131na u\u011frad\u0131. Ka\u00e7maya \u00e7al\u0131\u015f\u0131rken aya\u011f\u0131n\u0131 k\u0131ran \u00e7ocu\u011fun tedavi alt\u0131na al\u0131nd\u0131\u011f\u0131, sa\u011fl\u0131k durumunun iyi oldu\u011fu \u00f6\u011frenildi. Mahalle muhtar\u0131 \u0130smail Ar\u0131,&#8230;<\/p>\n","protected":false},"author":1,"featured_media":13890,"comment_status":"open","ping_status":"open","sticky":false,"template":"","format":"standard","meta":{"_crdt_document":"","footnotes":""},"categories":[5],"tags":[],"class_list":["post-13889","post","type-post","status-publish","format-standard","has-post-thumbnail","hentry","category-asayis"],"_links":{"self":[{"href":"https:\/\/www.egemtv.com\/index.php?rest_route=\/wp\/v2\/posts\/13889","targetHints":{"allow":["GET"]}}],"collection":[{"href":"https:\/\/www.egemtv.com\/index.php?rest_route=\/wp\/v2\/posts"}],"about":[{"href":"https:\/\/www.egemtv.com\/index.php?rest_route=\/wp\/v2\/types\/post"}],"author":[{"embeddable":true,"href":"https:\/\/www.egemtv.com\/index.php?rest_route=\/wp\/v2\/users\/1"}],"replies":[{"embeddable":true,"href":"https:\/\/www.egemtv.com\/index.php?rest_route=%2Fwp%2Fv2%2Fcomments&post=13889"}],"version-history":[{"count":1,"href":"https:\/\/www.egemtv.com\/index.php?rest_route=\/wp\/v2\/posts\/13889\/revisions"}],"predecessor-version":[{"id":13891,"href":"https:\/\/www.egemtv.com\/index.php?rest_route=\/wp\/v2\/posts\/13889\/revisions\/13891"}],"wp:featuredmedia":[{"embeddable":true,"href":"https:\/\/www.egemtv.com\/index.php?rest_route=\/wp\/v2\/media\/13890"}],"wp:attachment":[{"href":"https:\/\/www.egemtv.com\/index.php?rest_route=%2Fwp%2Fv2%2Fmedia&parent=13889"}],"wp:term":[{"taxonomy":"category","embeddable":true,"href":"https:\/\/www.egemtv.com\/index.php?rest_route=%2Fwp%2Fv2%2Fcategories&post=13889"},{"taxonomy":"post_tag","embeddable":true,"href":"https:\/\/www.egemtv.com\/index.php?rest_route=%2Fwp%2Fv2%2Ftags&post=13889"}],"curies":[{"name":"wp","href":"https:\/\/api.w.org\/{rel}","templated":true}]}}