{"id":13886,"date":"2025-01-31T10:07:41","date_gmt":"2025-01-31T07:07:41","guid":{"rendered":"https:\/\/www.egemtv.com\/?p=13886"},"modified":"2025-01-31T10:07:45","modified_gmt":"2025-01-31T07:07:45","slug":"aydinda-olmez-agac-konusuldu","status":"publish","type":"post","link":"https:\/\/www.egemtv.com\/?p=13886","title":{"rendered":"Ayd\u0131n\u2019da \u00f6lmez a\u011fa\u00e7 konu\u015fuldu"},"content":{"rendered":"<p>Ayd\u0131n\u2019da, \u00f6nemli tar\u0131m \u00fcr\u00fcnlerinden olan zeytinin tarihi masaya yat\u0131r\u0131l\u0131rken, \u201c\u00f6lmez a\u011fa\u00e7\u201d olarak bilinen zeytin a\u011fa\u00e7lar\u0131n\u0131n korunmas\u0131na da dikkat \u00e7ekildi.<br \/>\n<br \/>Ekosistemi Koruma ve Do\u011fa Sevenler Derne\u011fi\u2019nin (EKODOSD) haftal\u0131k s\u00f6yle\u015fi programlar\u0131nda bu hafta, Ayd\u0131n\u2019\u0131n \u00f6nemli tar\u0131m \u00fcr\u00fcnlerinden olan zeytin ve \u201c\u00f6lmez a\u011fa\u00e7\u201d olarak bilinen zeytin a\u011fa\u00e7lar\u0131 konu\u015fuldu. S\u00f6yle\u015filerinin bu haftaki konu\u011fu olan fitopatoloji alan\u0131nda e\u011fitim ve ara\u015ft\u0131rma \u00e7al\u0131\u015fmalar\u0131 yapan Prof. Dr. Figen Y\u0131ld\u0131z, \u2019\u00d6lmez A\u011fa\u00e7 Zeytin\u2019le ilgili bir sunum ger\u00e7ekle\u015ftirdi. Zeytin ve zeytinya\u011f\u0131n\u0131n insan beslenmesi ve sa\u011fl\u0131\u011f\u0131nda olduk\u00e7a \u00f6nemli bir yere sahip tar\u0131m \u00fcr\u00fcnlerinden biri oldu\u011funa dikkat \u00e7ekilen sunumda, \u00fclke genelinde zeytin yeti\u015ftiricili\u011fine olan ilginin gittik\u00e7e artt\u0131\u011f\u0131 s\u00f6ylendi. Ayr\u0131ca Prof. Dr. Y\u0131ld\u0131z, sunumunda zeytinin d\u00fcnyadaki yerini, T\u00fcrkiye\u2019deki \u00fcretim alanlar\u0131n\u0131, d\u0131\u015f ticaret hacmini ve ailelere olan katk\u0131s\u0131n\u0131 anlat\u0131rken, hastal\u0131\u011fa a\u015f\u0131r\u0131 ve orta duyarl\u0131 zeytin \u00e7e\u015fitleri hakk\u0131nda bilgi verdi. Zeytin a\u011fa\u00e7lar\u0131n\u0131n, uzun y\u0131llar ya\u015fad\u0131\u011f\u0131n\u0131, \u00f6nemli bir \u00fcr\u00fcn olarak yer bulmas\u0131n\u0131n sahip oldu\u011fu zengin biyo\u00e7e\u015fitlilikten kaynakland\u0131\u011f\u0131n\u0131, g\u00fcvence alt\u0131na al\u0131nmas\u0131, korunmas\u0131 ve gelecek ku\u015faklara aktar\u0131lmas\u0131 bak\u0131m\u0131ndan son derece \u00f6nemli oldu\u011funu da s\u00f6zlerine ekleyen Y\u0131l\u0131dz, do\u011fal flora ve faunan\u0131n korunmas\u0131n\u0131n gelece\u011fe b\u0131rak\u0131lacak en \u00f6nemli miras olaca\u011f\u0131na dikkat \u00e7ekti. Yap\u0131lan sunumun ard\u0131ndan Prof. Dr. Figen Y\u0131ld\u0131z\u2019a, EKODOSD\u2019un te\u015fekk\u00fcr belgesi takdim edildi.<br \/><\/p>\n","protected":false},"excerpt":{"rendered":"<p>Ayd\u0131n\u2019da, \u00f6nemli tar\u0131m \u00fcr\u00fcnlerinden olan zeytinin tarihi masaya yat\u0131r\u0131l\u0131rken, \u201c\u00f6lmez a\u011fa\u00e7\u201d olarak bilinen zeytin a\u011fa\u00e7lar\u0131n\u0131n korunmas\u0131na da dikkat \u00e7ekildi. Ekosistemi Koruma ve Do\u011fa Sevenler Derne\u011fi\u2019nin (EKODOSD) haftal\u0131k s\u00f6yle\u015fi programlar\u0131nda bu hafta, Ayd\u0131n\u2019\u0131n \u00f6nemli tar\u0131m \u00fcr\u00fcnlerinden olan zeytin ve \u201c\u00f6lmez a\u011fa\u00e7\u201d olarak bilinen zeytin a\u011fa\u00e7lar\u0131 konu\u015fuldu. S\u00f6yle\u015filerinin bu haftaki konu\u011fu olan fitopatoloji alan\u0131nda e\u011fitim ve ara\u015ft\u0131rma&#8230;<\/p>\n","protected":false},"author":1,"featured_media":13887,"comment_status":"open","ping_status":"open","sticky":false,"template":"","format":"standard","meta":{"_crdt_document":"","footnotes":""},"categories":[1],"tags":[],"class_list":["post-13886","post","type-post","status-publish","format-standard","has-post-thumbnail","hentry","category-guncel"],"_links":{"self":[{"href":"https:\/\/www.egemtv.com\/index.php?rest_route=\/wp\/v2\/posts\/13886","targetHints":{"allow":["GET"]}}],"collection":[{"href":"https:\/\/www.egemtv.com\/index.php?rest_route=\/wp\/v2\/posts"}],"about":[{"href":"https:\/\/www.egemtv.com\/index.php?rest_route=\/wp\/v2\/types\/post"}],"author":[{"embeddable":true,"href":"https:\/\/www.egemtv.com\/index.php?rest_route=\/wp\/v2\/users\/1"}],"replies":[{"embeddable":true,"href":"https:\/\/www.egemtv.com\/index.php?rest_route=%2Fwp%2Fv2%2Fcomments&post=13886"}],"version-history":[{"count":1,"href":"https:\/\/www.egemtv.com\/index.php?rest_route=\/wp\/v2\/posts\/13886\/revisions"}],"predecessor-version":[{"id":13888,"href":"https:\/\/www.egemtv.com\/index.php?rest_route=\/wp\/v2\/posts\/13886\/revisions\/13888"}],"wp:featuredmedia":[{"embeddable":true,"href":"https:\/\/www.egemtv.com\/index.php?rest_route=\/wp\/v2\/media\/13887"}],"wp:attachment":[{"href":"https:\/\/www.egemtv.com\/index.php?rest_route=%2Fwp%2Fv2%2Fmedia&parent=13886"}],"wp:term":[{"taxonomy":"category","embeddable":true,"href":"https:\/\/www.egemtv.com\/index.php?rest_route=%2Fwp%2Fv2%2Fcategories&post=13886"},{"taxonomy":"post_tag","embeddable":true,"href":"https:\/\/www.egemtv.com\/index.php?rest_route=%2Fwp%2Fv2%2Ftags&post=13886"}],"curies":[{"name":"wp","href":"https:\/\/api.w.org\/{rel}","templated":true}]}}