{"id":13880,"date":"2025-01-31T10:01:36","date_gmt":"2025-01-31T07:01:36","guid":{"rendered":"https:\/\/www.egemtv.com\/?p=13880"},"modified":"2025-01-31T10:01:42","modified_gmt":"2025-01-31T07:01:42","slug":"muglada-sut-sektoru-temsilcileri-bir-araya-geldi","status":"publish","type":"post","link":"https:\/\/www.egemtv.com\/?p=13880","title":{"rendered":"Mu\u011fla\u2019da s\u00fct sekt\u00f6r\u00fc temsilcileri bir araya geldi"},"content":{"rendered":"<p>Mu\u011fla \u0130l Tar\u0131m ve Orman M\u00fcd\u00fcrl\u00fc\u011f\u00fc s\u00fct sekt\u00f6r\u00fcne ba\u011fl\u0131 sivil toplum kurulu\u015flar\u0131 ve \u00f6zel sekt\u00f6r temsilcileriyle bir toplant\u0131 d\u00fczenledi.<\/p>\n<p>Mu\u011fla \u0130l Tar\u0131m ve Orman M\u00fcd\u00fcrl\u00fc\u011f\u00fc toplant\u0131 salonunda ger\u00e7ekle\u015fen bulu\u015fmada, sekt\u00f6r\u00fcn mevcut durumu, ya\u015fanan sorunlar ve \u00e7\u00f6z\u00fcm \u00f6nerileri ele al\u0131nd\u0131. Tar\u0131m ve hayvanc\u0131l\u0131k alan\u0131nda s\u00fcrd\u00fcr\u00fclebilir \u00fcretimin desteklenmesi ve sekt\u00f6r temsilcileriyle i\u015f birli\u011finin g\u00fc\u00e7lendirilmesi ad\u0131na \u00f6nemli bir ad\u0131m olan toplant\u0131ya \u0130l Tar\u0131m ve Orman M\u00fcd\u00fcr\u00fc Seyfettin Baydar, \u0130l M\u00fcd\u00fcr Yard\u0131mc\u0131s\u0131 Dr. Song\u00fcl Topal, Hayvan Sa\u011fl\u0131\u011f\u0131 ve Yeti\u015ftiricili\u011fi \u015eube M\u00fcd\u00fcr\u00fc Mehmet Kuray ile il\u00e7e m\u00fcd\u00fcrl\u00fc\u011f\u00fc personelleri kat\u0131ld\u0131.<br \/><\/p>\n","protected":false},"excerpt":{"rendered":"<p>Mu\u011fla \u0130l Tar\u0131m ve Orman M\u00fcd\u00fcrl\u00fc\u011f\u00fc s\u00fct sekt\u00f6r\u00fcne ba\u011fl\u0131 sivil toplum kurulu\u015flar\u0131 ve \u00f6zel sekt\u00f6r temsilcileriyle bir toplant\u0131 d\u00fczenledi. Mu\u011fla \u0130l Tar\u0131m ve Orman M\u00fcd\u00fcrl\u00fc\u011f\u00fc toplant\u0131 salonunda ger\u00e7ekle\u015fen bulu\u015fmada, sekt\u00f6r\u00fcn mevcut durumu, ya\u015fanan sorunlar ve \u00e7\u00f6z\u00fcm \u00f6nerileri ele al\u0131nd\u0131. Tar\u0131m ve hayvanc\u0131l\u0131k alan\u0131nda s\u00fcrd\u00fcr\u00fclebilir \u00fcretimin desteklenmesi ve sekt\u00f6r temsilcileriyle i\u015f birli\u011finin g\u00fc\u00e7lendirilmesi ad\u0131na \u00f6nemli bir&#8230;<\/p>\n","protected":false},"author":1,"featured_media":13881,"comment_status":"open","ping_status":"open","sticky":false,"template":"","format":"standard","meta":{"_crdt_document":"","footnotes":""},"categories":[1],"tags":[],"class_list":["post-13880","post","type-post","status-publish","format-standard","has-post-thumbnail","hentry","category-guncel"],"_links":{"self":[{"href":"https:\/\/www.egemtv.com\/index.php?rest_route=\/wp\/v2\/posts\/13880","targetHints":{"allow":["GET"]}}],"collection":[{"href":"https:\/\/www.egemtv.com\/index.php?rest_route=\/wp\/v2\/posts"}],"about":[{"href":"https:\/\/www.egemtv.com\/index.php?rest_route=\/wp\/v2\/types\/post"}],"author":[{"embeddable":true,"href":"https:\/\/www.egemtv.com\/index.php?rest_route=\/wp\/v2\/users\/1"}],"replies":[{"embeddable":true,"href":"https:\/\/www.egemtv.com\/index.php?rest_route=%2Fwp%2Fv2%2Fcomments&post=13880"}],"version-history":[{"count":1,"href":"https:\/\/www.egemtv.com\/index.php?rest_route=\/wp\/v2\/posts\/13880\/revisions"}],"predecessor-version":[{"id":13882,"href":"https:\/\/www.egemtv.com\/index.php?rest_route=\/wp\/v2\/posts\/13880\/revisions\/13882"}],"wp:featuredmedia":[{"embeddable":true,"href":"https:\/\/www.egemtv.com\/index.php?rest_route=\/wp\/v2\/media\/13881"}],"wp:attachment":[{"href":"https:\/\/www.egemtv.com\/index.php?rest_route=%2Fwp%2Fv2%2Fmedia&parent=13880"}],"wp:term":[{"taxonomy":"category","embeddable":true,"href":"https:\/\/www.egemtv.com\/index.php?rest_route=%2Fwp%2Fv2%2Fcategories&post=13880"},{"taxonomy":"post_tag","embeddable":true,"href":"https:\/\/www.egemtv.com\/index.php?rest_route=%2Fwp%2Fv2%2Ftags&post=13880"}],"curies":[{"name":"wp","href":"https:\/\/api.w.org\/{rel}","templated":true}]}}