{"id":13877,"date":"2025-01-31T09:55:55","date_gmt":"2025-01-31T06:55:55","guid":{"rendered":"https:\/\/www.egemtv.com\/?p=13877"},"modified":"2025-01-31T09:55:58","modified_gmt":"2025-01-31T06:55:58","slug":"tavas-belediyesinden-diyetisyen-hizmeti","status":"publish","type":"post","link":"https:\/\/www.egemtv.com\/?p=13877","title":{"rendered":"Tavas Belediyesinden diyetisyen hizmeti"},"content":{"rendered":"<p>Tavas Belediyesi sa\u011fl\u0131kl\u0131 toplum olu\u015fturmak amac\u0131yla \u00fccretsiz diyetisyen hizmeti verme ba\u015fl\u0131yor.<br \/>\n<br \/>Tavas Belediyesi vatanda\u015flar\u0131n sa\u011fl\u0131kl\u0131 kilo alma, kilo verme, hastal\u0131klarda beslenme, gebelik d\u00f6nemi beslenmesi ve \u00e7ocukluk \u00e7a\u011f\u0131 beslenmesi gibi bir\u00e7ok alanda destek olmas\u0131 amac\u0131yla diyetisyen hizmeti veremeye ba\u015fl\u0131yor. Diyetisyen deste\u011fi Diyetisyen Ay\u015feg\u00fcl Atl\u0131o\u011flu taraf\u0131ndan Tavas Belediyesi K\u00fclt\u00fcr Merkezinde verilecek. \u00dccretsiz olan diyetisyen hizmetinden yararlanmak isteyen vatanda\u015flar\u0131n 0258 613 10 20 numaral\u0131 telefonu arayarak randevu alabilirler.<br \/><\/p>\n","protected":false},"excerpt":{"rendered":"<p>Tavas Belediyesi sa\u011fl\u0131kl\u0131 toplum olu\u015fturmak amac\u0131yla \u00fccretsiz diyetisyen hizmeti verme ba\u015fl\u0131yor. Tavas Belediyesi vatanda\u015flar\u0131n sa\u011fl\u0131kl\u0131 kilo alma, kilo verme, hastal\u0131klarda beslenme, gebelik d\u00f6nemi beslenmesi ve \u00e7ocukluk \u00e7a\u011f\u0131 beslenmesi gibi bir\u00e7ok alanda destek olmas\u0131 amac\u0131yla diyetisyen hizmeti veremeye ba\u015fl\u0131yor. Diyetisyen deste\u011fi Diyetisyen Ay\u015feg\u00fcl Atl\u0131o\u011flu taraf\u0131ndan Tavas Belediyesi K\u00fclt\u00fcr Merkezinde verilecek. \u00dccretsiz olan diyetisyen hizmetinden yararlanmak isteyen&#8230;<\/p>\n","protected":false},"author":1,"featured_media":13878,"comment_status":"open","ping_status":"open","sticky":false,"template":"","format":"standard","meta":{"_crdt_document":"","footnotes":""},"categories":[2],"tags":[],"class_list":["post-13877","post","type-post","status-publish","format-standard","has-post-thumbnail","hentry","category-saglik"],"_links":{"self":[{"href":"https:\/\/www.egemtv.com\/index.php?rest_route=\/wp\/v2\/posts\/13877","targetHints":{"allow":["GET"]}}],"collection":[{"href":"https:\/\/www.egemtv.com\/index.php?rest_route=\/wp\/v2\/posts"}],"about":[{"href":"https:\/\/www.egemtv.com\/index.php?rest_route=\/wp\/v2\/types\/post"}],"author":[{"embeddable":true,"href":"https:\/\/www.egemtv.com\/index.php?rest_route=\/wp\/v2\/users\/1"}],"replies":[{"embeddable":true,"href":"https:\/\/www.egemtv.com\/index.php?rest_route=%2Fwp%2Fv2%2Fcomments&post=13877"}],"version-history":[{"count":1,"href":"https:\/\/www.egemtv.com\/index.php?rest_route=\/wp\/v2\/posts\/13877\/revisions"}],"predecessor-version":[{"id":13879,"href":"https:\/\/www.egemtv.com\/index.php?rest_route=\/wp\/v2\/posts\/13877\/revisions\/13879"}],"wp:featuredmedia":[{"embeddable":true,"href":"https:\/\/www.egemtv.com\/index.php?rest_route=\/wp\/v2\/media\/13878"}],"wp:attachment":[{"href":"https:\/\/www.egemtv.com\/index.php?rest_route=%2Fwp%2Fv2%2Fmedia&parent=13877"}],"wp:term":[{"taxonomy":"category","embeddable":true,"href":"https:\/\/www.egemtv.com\/index.php?rest_route=%2Fwp%2Fv2%2Fcategories&post=13877"},{"taxonomy":"post_tag","embeddable":true,"href":"https:\/\/www.egemtv.com\/index.php?rest_route=%2Fwp%2Fv2%2Ftags&post=13877"}],"curies":[{"name":"wp","href":"https:\/\/api.w.org\/{rel}","templated":true}]}}